{"id":4393,"date":"2019-02-03T00:59:35","date_gmt":"2019-02-02T23:59:35","guid":{"rendered":"https:\/\/inteligentny-rozwoj.com.pl\/?p=4393"},"modified":"2025-09-23T22:23:50","modified_gmt":"2025-09-23T20:23:50","slug":"2-3-5-design-dla-przedsiebiorcow-2019-konkurs","status":"publish","type":"post","link":"https:\/\/inteligentny-rozwoj.com.pl\/index.php\/2-3-5-design-dla-przedsiebiorcow-2019-konkurs\/","title":{"rendered":"2.3.5 Design dla przedsi\u0119biorc\u00f3w 2019 &#8211; projektuj i wdra\u017caj nowe produkty"},"content":{"rendered":"\n<p class=\"wp-block-paragraph\">W dniu 31 stycznia 2019 r. Polska Agencja Rozwoju Przedsi\u0119biorczo\u015bci <a rel=\"noreferrer noopener\" aria-label=\"og\u0142osi\u0142a konkurs (otwiera si\u0119 na nowej zak\u0142adce)\" href=\"https:\/\/www.parp.gov.pl\/component\/grants\/grants\/design-dla-przedsiebiorcow\" target=\"_blank\">og\u0142osi\u0142a konkurs<\/a> dla Poddzia\u0142ania 2.3.5 Design dla Przedsi\u0119biorc\u00f3w 2019, realizowanego w ramach Programu Operacyjnego Inteligentny Rozw\u00f3j na lata 2014-2020.<\/p>\n\n\n\n<p class=\"wp-block-paragraph\"><strong>Nab\u00f3r wniosk\u00f3w<\/strong> przewidziany zosta\u0142 w terminie <strong>od 4 marca 2019 r. do 31 maja 2019 r<\/strong>. (g. 16.00), a <strong>konkurs podzielony zosta\u0142 na<\/strong> <strong>2 rundy<\/strong>. Tym samym wnioski o dofinansowanie mog\u0105 by\u0107 sk\u0142adane w okresie:<\/p>\n\n\n\n<ul class=\"wp-block-list\">\n<li>dla rundy I&nbsp; \u2013 od 4 marca 2019 r. do 15\nkwietnia 2019 r.;<\/li>\n\n\n\n<li>dla rundy II \u2013 od 16 kwietnia 2019 r. do 31 maja 2019 r. (g. 16.00).<\/li>\n<\/ul>\n\n\n\n<p class=\"wp-block-paragraph\">Ocena projekt\u00f3w trwa 60\ndni od daty zamkni\u0119cia danej rundy, natomiast rozstrzygni\u0119cie konkursu powinno\nnast\u0105pi\u0107 w terminie 80 dni od daty zamkni\u0119cia danej rundy.<\/p>\n\n\n\n<p class=\"wp-block-paragraph\">Wi\u0119cej szczeg\u00f3\u0142\u00f3w przedstawia dedykowana dla poddzia\u0142ania <a href=\"https:\/\/inteligentny-rozwoj.com.pl\/index.php\/fundusze-europejskie-2014-2020\/inteligentny-rozwoj-po-ir\/dzialania-poir\/dzialanie-2-3-proinnowacyjne-uslugi-dla-przedsiebiorstw\/poddzialanie-2-3-5-design-dla-przedsiebiorcow\/\" target=\"_blank\" rel=\"noreferrer noopener\" aria-label=\"2.3.5 Design dla przedsi\u0119biorc\u00f3w 2019 (otwiera si\u0119 na nowej zak\u0142adce)\">2.3.5 Design dla przedsi\u0119biorc\u00f3w 2019<\/a> podstrona internetowa, na kt\u00f3rej dost\u0119pne s\u0105 informacje w zakresie, m.in.:<\/p>\n\n\n\n<ul class=\"wp-block-list\">\n<li>kto mo\u017ce\nubiega\u0107 si\u0119 o dofinansowanie<\/li>\n\n\n\n<li>na co mo\u017cna\nuzyska\u0107 dofinansowanie<\/li>\n\n\n\n<li>jakiego typu\nkoszty mog\u0105 zosta\u0107 obj\u0119te wsparciem<\/li>\n\n\n\n<li>kwota\nalokacji przewidziana na konkurs w roku 2019<\/li>\n\n\n\n<li>poziom i\nintensywno\u015b\u0107 wsparcia<\/li>\n\n\n\n<li>Krajowe\nInteligentne Specjalizacje (KIS)<\/li>\n<\/ul>\n\n\n\n<h2 class=\"wp-block-heading\"><strong>Kryteria Wyboru projekt\u00f3w\n&#8211; 2.3.5 Design dla przedsi\u0119biorc\u00f3w 2019<\/strong><\/h2>\n\n\n\n<p class=\"wp-block-paragraph\">Zgodnie z kryteriami wyboru projekt\u00f3w, projekt &#8211; \u017ceby m\u00f3g\u0142 by\u0107 rekomendowany do dofinansowanie &#8211; musi uzyska\u0107 maksymaln\u0105 liczb\u0119 punkt\u00f3w, tj. <strong><em>9<\/em><\/strong>, co oznacza, \u017ce musi spe\u0142ni\u0107 wszystkie kryteria wyboru.<\/p>\n\n\n\n<p class=\"wp-block-paragraph\">W odniesieniu do\nkryterium nr 9 &#8221; Projekt dotyczy formy inwestycji\npocz\u0105tkowej dopuszczalnej w ramach poddzia\u0142ania (je\u015bli dotyczy)&#8221;, w\nprzypadku projekt\u00f3w zak\u0142adaj\u0105cych finansowanie jedynie wydatk\u00f3w zwi\u0105zanych z us\u0142ugami\ndoradczymi zwi\u0105zanymi z opracowaniem lub wdro\u017ceniem nowego lub znacz\u0105co\nulepszonego produktu lub nowego projektu wzorniczego kryterium zawsze uznaje si\u0119\nza spe\u0142nione. <\/p>\n\n\n\n<p class=\"wp-block-paragraph\">Ponadto\nzastosowanie maj\u0105 kryteria rozstrzygaj\u0105ce.<\/p>\n\n\n\n<h2 class=\"wp-block-heading\"><strong>Krajowe\nInteligentne Specjalizacje (KIS)<\/strong><\/h2>\n\n\n\n<p class=\"wp-block-paragraph\">Projekt, aby m\u00f3g\u0142 by\u0107 rekomendowany do dofinansowania w ramach poddzia\u0142ania 2.3.5 Design dla przedsi\u0119biorc\u00f3w 2019 musi wpisywa\u0107 si\u0119 w <a href=\"https:\/\/www.mpit.gov.pl\/strony\/zadania\/wsparcie-przedsiebiorczosci\/innowacyjnosc\/krajowe-inteligentne-specjalizacje\/\" target=\"_blank\" rel=\"noreferrer noopener\" aria-label=\"Krajowe Inteligentne Specjalizacje (otwiera si\u0119 na nowej zak\u0142adce)\">Krajowe Inteligentne Specjalizacje<\/a> (KIS), co odnosi si\u0119 do nowego produktu wprowadzanego na rynek w wyniku realizacji projektu.<\/p>\n\n\n\n<h2 class=\"wp-block-heading\"><strong>Kilka s\u0142\u00f3w na\ntemat konkursu <\/strong><\/h2>\n\n\n\n<p class=\"wp-block-paragraph\">2.3.5 Design dla przedsi\u0119biorc\u00f3w 2019 to kontynuacja og\u0142oszonego po raz\npierwszy w roku 2018 programu, wspieraj\u0105cego projekty ukierunkowane na\nopracowanie nowego projektu wzorniczego, w celu wprowadzenia na rynek nowego\nproduktu, jak r\u00f3wnie\u017c (opcjonalnie) zrealizowanie zwi\u0105zanej z tym inwestycji.<\/p>\n\n\n\n<p class=\"wp-block-paragraph\">Dofinansowanie\nmog\u0105 otrzyma\u0107 projekty dotycz\u0105ce realizacji nast\u0119puj\u0105cych dzia\u0142a\u0144: <\/p>\n\n\n\n<p class=\"wp-block-paragraph\">1)\nuzyskania doradztwa polegaj\u0105cego na przeprowadzeniu profesjonalnego procesu\nprojektowego maj\u0105cego na celu opracowanie nowego projektu wzorniczego, dzi\u0119ki\nkt\u00f3remu wdro\u017cony zostanie nowy lub znacz\u0105co ulepszony produkt (<strong>komponent obligatoryjny projektu<\/strong>), <\/p>\n\n\n\n<p class=\"wp-block-paragraph\">2)\nuzyskania doradztwa niezb\u0119dnego w zakresie wdro\u017cenia nowego lub znacz\u0105co\nulepszonego produktu (komponent fakultatywny projektu), <\/p>\n\n\n\n<p class=\"wp-block-paragraph\">3)\nrealizacji inwestycji pocz\u0105tkowej niezb\u0119dnej do wdro\u017cenia nowego lub znacz\u0105co\nulepszonego produktu (komponent fakultatywny projektu). <\/p>\n\n\n\n<p class=\"wp-block-paragraph\"><a href=\"https:\/\/www.parp.gov.pl\/component\/grants\/grants\/design-dla-przedsiebiorcow#dokumenty\" target=\"_blank\" rel=\"noreferrer noopener\" aria-label=\"Dokumentacja konkursu (otwiera si\u0119 na nowej zak\u0142adce)\">Dokumentacja konkursu<\/a><\/p>\n\n\n\n<h2 class=\"wp-block-heading\">2.3.5 Design dla przedsi\u0119biorc\u00f3w 2019 &#8211; <strong>Na co nale\u017cy zwr\u00f3ci\u0107 uwag\u0119<\/strong><\/h2>\n\n\n\n<p class=\"wp-block-paragraph\">Projekt musi spe\u0142nia\u0107\n<strong>efekt zach\u0119ty<\/strong>, tzn. rozpocz\u0105\u0107 si\u0119 nie wcze\u015bniej ni\u017c dzie\u0144 po z\u0142o\u017ceniu\nwniosku o dofinansowanie. Wyj\u0105tek stanowi faza &#8222;diagnozy&#8221; dla profesjonalnego\nprocesu projektowego, z tytu\u0142u realziacji kt\u00f3rej wydatek musi zosta\u0107\nponiesiony przed dniem z\u0142o\u017cenia wniosku o dofinansowanie, jednak\u017ce\nnie wcze\u015bniej ni\u017c 12 miesi\u0119cy przed tym dniem oraz nie wcze\u015bniej ni\u017c 9 lutego\n2018 r., co definiuje dokumentacja konkursowa.<\/p>\n\n\n\n<p class=\"wp-block-paragraph\"><strong>Us\u0142ugi doradcze<\/strong> mog\u0105 by\u0107 finansowane <strong>wy\u0142\u0105cznie\nz pomocy de minimis<\/strong>, a zatem nale\u017cy mie\u0107 na uwadze jej aktualny\nwykorzystany limit dla wnioskodawcy w latach: 2019, 2018, 2017.<\/p>\n\n\n\n<p class=\"wp-block-paragraph\">W\nodniesieniu do <strong>inwestycji pocz\u0105tkowej,<\/strong>\nnale\u017cy zwr\u00f3ci\u0107 uwag\u0119, \u017ce stanowi ona &nbsp;regionaln\u0105\npomoc inwestycyjn\u0105 dla M\u015aP, udzielan\u0105 zgodnie z odpowiednimi przepisami \u2013 w\nzakresie inwestycji pocz\u0105tkowej w formie inwestycji w rzeczowe aktywa trwa\u0142e\nlub warto\u015bci niematerialne i <strong>prawne zwi\u0105zane\nz dywersyfikacj\u0105 produkcji zak\u0142adu poprzez wprowadzenie produkt\u00f3w uprzednio\nnieprodukowanych w zak\u0142adzie<\/strong>. <\/p>\n\n\n\n<p class=\"wp-block-paragraph\">A\ntym samym &nbsp;\u0142\u0105czna warto\u015b\u0107 <strong>koszt\u00f3w kwalifikowalnych projektu w\nzakresie inwestycji pocz\u0105tkowej<\/strong>, musi przekracza\u0107 o co najmniej <strong>200 %<\/strong> warto\u015b\u0107 ksi\u0119gow\u0105 ponownie\nwykorzystywanych aktyw\u00f3w, odnotowan\u0105 w roku 2018. <\/p>\n\n\n\n<p class=\"wp-block-paragraph\">Dopuszcza\nsi\u0119 <strong>zakup u\u017cywanych \u015brodk\u00f3w trwa\u0142ych<\/strong>,\nzgodnie z okre\u015blonymi w dokumentacji konkursowej zasadami.<\/p>\n\n\n\n<p class=\"wp-block-paragraph\">Wdro\u017cenie\nnowego lub znacz\u0105co ulepszonego produktu oznacza <strong>wprowadzenie tego produktu na rynek oraz jego sprzeda\u017c<\/strong>, co musi\nzosta\u0107 zrealizowane <strong>w okresie realizacji\nprojektu<\/strong> (nie d\u0142u\u017cszym ni\u017c 36 miesi\u0119cy).<\/p>\n\n\n\n<p class=\"wp-block-paragraph\">Przedmiotem\nprojektu nie mo\u017ce by\u0107 stworzenie oprogramowania b\u0119d\u0105cego samodzielnym przeznaczonym do sprzeda\u017cy produktem\/aplikacj\u0105, gdy\u017c zostanie\nono uznane za niekwalifikowalne. Oprogramowanie to powinno by\u0107\nwy\u0142\u0105cznie cz\u0119\u015bci\u0105 wyrobu lub us\u0142ugi, kt\u00f3re zostan\u0105 wprowadzone na rynek.<\/p>\n\n\n\n<h2 class=\"wp-block-heading\"><strong>Co nale\u017cy rozumie\u0107\nprzez profesjonalny proces projektowy<\/strong><\/h2>\n\n\n<div\n\t\t\t\n\t\t\tclass=\"so-widget-sow-image so-widget-sow-image-default-dbf295114b96\"\n\t\t\t\n\t\t>\n<div class=\"sow-image-container\">\n\t\t\t<a href=\"https:\/\/inteligentny-rozwoj.com.pl\/index.php\/2-3-5-design-dla-przedsiebiorcow-2019-konkurs\/\" target=\"_blank\" rel=\"noopener noreferrer\">\n\t\t\t<img \n\tsrc=\"https:\/\/inteligentny-rozwoj.com.pl\/wp-content\/uploads\/2019\/02\/2.3.5-design-dla-przedsiebiorcow-2019-profesjonalny-proces-projektowy.jpg\" width=\"1920\" height=\"885\" srcset=\"https:\/\/inteligentny-rozwoj.com.pl\/wp-content\/uploads\/2019\/02\/2.3.5-design-dla-przedsiebiorcow-2019-profesjonalny-proces-projektowy.jpg 1920w, https:\/\/inteligentny-rozwoj.com.pl\/wp-content\/uploads\/2019\/02\/2.3.5-design-dla-przedsiebiorcow-2019-profesjonalny-proces-projektowy-300x138.jpg 300w, https:\/\/inteligentny-rozwoj.com.pl\/wp-content\/uploads\/2019\/02\/2.3.5-design-dla-przedsiebiorcow-2019-profesjonalny-proces-projektowy-768x354.jpg 768w, https:\/\/inteligentny-rozwoj.com.pl\/wp-content\/uploads\/2019\/02\/2.3.5-design-dla-przedsiebiorcow-2019-profesjonalny-proces-projektowy-1024x472.jpg 1024w, https:\/\/inteligentny-rozwoj.com.pl\/wp-content\/uploads\/2019\/02\/2.3.5-design-dla-przedsiebiorcow-2019-profesjonalny-proces-projektowy-536x247.jpg 536w\" sizes=\"(max-width: 1920px) 100vw, 1920px\" title=\"2.3.5-design-dla-przedsiebiorcow-2019-profesjonalny-proces-projektowy\" alt=\"2.3.5-design-dla-przedsiebiorcow-2019-profesjonalny-proces-projektowy\" \t\tclass=\"so-widget-image\"\/>\n\t\t\t<\/a><\/div>\n\n<\/div>\n\n\n<p class=\"wp-block-paragraph\">W szczeg\u00f3lno\u015bci istotny jest komponent obligatoryjny projektu, polegaj\u0105cy\nna przeprowadzeniu profesjonalnego procesu projektowego, realizowanego przez\nprofesjonalnego projektanta, kt\u00f3ry ma doprowadzi\u0107 do powstania nowego projektu\nwzorniczego.<\/p>\n\n\n\n<p class=\"wp-block-paragraph\">W regulaminie konkursu wyst\u0119puje:<\/p>\n\n\n\n<ol class=\"wp-block-list\">\n<li>zdefiniowanie poj\u0119cia &#8222;<strong>projekt wzorniczy<\/strong>&#8222;<\/li>\n\n\n\n<li>zdefiniowanie poj\u0119cia &#8222;<strong>profesjonalnego projektanta<\/strong>&#8222;, jako osoby, kt\u00f3r\u0105 w swoim zespole dysponowa\u0107 musi podmiot uprawniony do \u015bwiadczenia us\u0142ugi profesjonalnego procesu projektowego &#8211; nale\u017cy przez to rozumie\u0107 projektanta, kt\u00f3ry posiada wykszta\u0142cenie wy\u017csze w zakresie projektowania (wzornictwo przemys\u0142owe, architektura, architektura wn\u0119trz oraz inne kierunki projektowe w obszarze wzornictwa) oraz ma do\u015bwiadczenie w projektowaniu, to znaczy: ma w swoim portfolio minimum 3 projekty d\u00f3br wytwarzanych przemys\u0142owo (np. meble, sprz\u0119t AGD, RTV, urz\u0105dzenia specjalistyczne) lub \u015bwiadczonych us\u0142ug.<\/li>\n<\/ol>\n\n\n\n<p class=\"has-medium-font-size wp-block-paragraph\"><strong>Profesjonalny proces projektowy sk\u0142ada si\u0119 z 3 faz:<\/strong><\/p>\n\n\n\n<ol class=\"wp-block-list\">\n<li>diagnoza (faza, kt\u00f3ra musi zosta\u0107 przeprowadzona przed z\u0142o\u017ceniem wniosku o dofinansowanie)\n<ol class=\"wp-block-list\">\n<li>wnioskodawca <strong>uprawniony<\/strong> <strong>jest do przeprowadzenia fazy diagnozy we w\u0142asnym zakresie<\/strong> (w\u00f3wczas nie stanowi ona kosztu kwalifikowanego w projekcie)<\/li>\n\n\n\n<li>lub mo\u017ce zrealizowa\u0107 t\u0119 faz\u0119 w ramach us\u0142ug doradczych zwi\u0105zanych z przeprowadzeniem profesjonalnego procesu projektowego (w\u00f3wczas stanowi ona koszt kwalifikowany w projekcie, o ile wnioskodawca dope\u0142ni wymog\u00f3w zwi\u0105zanych z zawarciem z wykonawc\u0105 umowy zawieraj\u0105cej <strong>wymagany warunek zawieszaj\u0105cy<\/strong> oraz <strong>zobowi\u0105zanie do realizacji zakresu zam\u00f3wienia w okresie realizacji projektu<\/strong>) &#8211; wydatek musi zosta\u0107 poniesiony przed dniem z\u0142o\u017cenia wniosku o dofinansowanie<\/li>\n<\/ol>\n<\/li>\n\n\n\n<li>synteza i analiza<\/li>\n\n\n\n<li>tworzenie rozwi\u0105za\u0144, prototypowanie i testowanie<\/li>\n<\/ol>\n\n\n\n<h2 class=\"wp-block-heading\"><strong>Nawet przed\npodpisaniem umowy o dofinansowanie obowi\u0105zuje procedura zam\u00f3wie\u0144<\/strong><\/h2>\n\n\n\n<p class=\"wp-block-paragraph\">Powy\u017csze wynika z zapis\u00f3w par. 5, ust. 15 i 16 regulaminu konkursu:<\/p>\n\n\n\n<p class=\"wp-block-paragraph\">15.\nW przypadku zam\u00f3wie\u0144, do kt\u00f3rych nie stosuje si\u0119 ustawy z dnia 29 stycznia 2004\nr. Prawo zam\u00f3wie\u0144 publicznych (Dz. U. z 2017 r. poz. 1579, z p\u00f3\u017an. zm.), w kt\u00f3rych\npost\u0119powanie o udzielenie zam\u00f3wienia wszcz\u0119to przed dniem zawarcia umowy o\ndofinansowanie projektu zastosowanie maj\u0105 <strong>wymogi\nokre\u015blone w rozdziale 6.5 wytycznych w zakresie kwalifikowalno\u015bci<\/strong>, w tym w\nszczeg\u00f3lno\u015bci dotycz\u0105ce <strong>rozeznania rynku\n(6.5.1) i zasady konkurencyjno\u015bci (6.5.2)<\/strong>. <\/p>\n\n\n\n<p class=\"wp-block-paragraph\">16. W przypadku zam\u00f3wie\u0144 przeprowadzanych zgodnie z <strong>zasad\u0105 konkurencyjno\u015bci<\/strong>, wnioskodawca publikuje zapytanie ofertowe na stronie internetowej <a href=\"https:\/\/bazakonkurencyjnosci.funduszeeuropejskie.gov.pl\/\" target=\"_blank\" rel=\"noreferrer noopener\" aria-label=\"https:\/\/bazakonkurencyjnosci.funduszeeuropejskie.gov.pl\/ (otwiera si\u0119 na nowej zak\u0142adce)\">https:\/\/bazakonkurencyjnosci.funduszeeuropejskie.gov.pl\/<\/a>. Informacj\u0119 o zmianach zapytania ofertowego, tre\u015b\u0107 pyta\u0144 dotycz\u0105cych zapytania ofertowego wraz z wyja\u015bnieniami zamawiaj\u0105cego oraz wyniki post\u0119powania upublicznia si\u0119 w taki spos\u00f3b, w jaki zosta\u0142o upublicznione zapytanie ofertowe. <\/p>\n\n\n\n<p class=\"wp-block-paragraph\">Ponadto\nw przypadku wyboru wykonawcy us\u0142ug doradczych w zakresie przeprowadzenia profesjonalnego\nprocesu projektowego wymagane jest w post\u0119powaniu ofertowym <strong>wskazanie warunku dopuszczaj\u0105cego<\/strong> do\nudzia\u0142u w post\u0119powaniu, zgodnie z zapisami par. 6, ust. 14 Umowy:<\/p>\n\n\n\n<p class=\"wp-block-paragraph\">&#8222;14.\nUs\u0142uga profesjonalnego procesu projektowego musi by\u0107 \u015bwiadczona przez podmiot,\nkt\u00f3ry zapewnia do realizacji profesjonalnego procesu projektowego zesp\u00f3\u0142 w\nkt\u00f3rego sk\u0142ad wchodzi <strong>co najmniej jeden\nprofesjonalny projektant<\/strong>. Wymagania okre\u015blone dla wykonawcy profesjonalnego\nprocesu projektowego powinny stanowi\u0107 warunek udzia\u0142u w post\u0119powaniu na wyb\u00f3r\nwykonawcy niniejszej us\u0142ugi.&#8221;<\/p>\n\n\n\n<h2 class=\"wp-block-heading\"><strong>Wniosek o p\u0142atno\u015b\u0107\n&#8211; 2.3.5 Design dla przedsi\u0119biorc\u00f3w 2019<\/strong><\/h2>\n\n\n\n<p class=\"wp-block-paragraph\">Dofinansowanie mo\u017ce by\u0107 przyznane w formie <strong>zaliczki<\/strong> b\u0105d\u017a <strong>refundacji<\/strong>.<\/p>\n\n\n\n<p class=\"wp-block-paragraph\">W przypadku rozliczania faktur w walutach obcych nale\u017cy wskaza\u0107 kwoty PLN,\nprzeliczaj\u0105c je po kursie banku realizuj\u0105cego transakcj\u0119 z dnia dokonania\nzap\u0142aty.<\/p>\n\n\n\n<p class=\"wp-block-paragraph\"><strong>Wniosek o p\u0142atno\u015b\u0107<\/strong> nale\u017cy sk\u0142ada\u0107 <strong>nie rzadziej ni\u017c raz na 6 miesi\u0119cy<\/strong> licz\u0105c od daty podpisania umowy o dofinansowanie.<\/p>\n\n\n\n<h2 class=\"wp-block-heading\"><strong>Podsumowanie<\/strong><\/h2>\n\n\n\n<p class=\"wp-block-paragraph\">Poddzia\u0142anie 2.3.5 Design dla przedsi\u0119biorc\u00f3w 2019 stanowi ciekaw\u0105 form\u0119 wsparcia dla wszystkich przedsi\u0119biorc\u00f3w M\u015aP, kt\u00f3rzy zainteresowani s\u0105 wprowadzeniem nowych produkt\u00f3w na rynek.<\/p>\n\n\n\n<p class=\"wp-block-paragraph\">Z jednej strony pozwala na opracowanie kompletnego projektu wzorniczego w zakresie nowo-powsta\u0142ego produktu, a ponadto &#8211; dla zainteresowanych &#8211; pozwala na zrealizowanie inwestycji zwi\u0105zanej z jego wdro\u017ceniem.<\/p>\n\n\n\n<p class=\"wp-block-paragraph\">Koszt us\u0142ug doradczych finansowany jest wy\u0142\u0105cznie z pomocy de minimis,\nale dzi\u0119ki temu wnioskodawcy zaoferowana zosta\u0142a bardzo interesuj\u0105ca\nintensywno\u015b\u0107 wsparcia &#8211; na poziomie 85% kosztu kwalifikowanego.<\/p>\n\n\n\n<p class=\"wp-block-paragraph\">Ponadto regionalna pomoc inwestycyjna dla M\u015aP, kt\u00f3ra przyznawana jest zgodnie z map\u0105 pomocy regionalnej, premiuje dodatkowo mikro- i ma\u0142e przedsi\u0119biorstwa (+20%), natomiast w przypadku \u015bredniego przedsi\u0119biorstwa (+10%). Czynniki te zwi\u0119kszaj\u0105 atrakcyjno\u015b\u0107 realizowanej inwestycji, dzi\u0119ki czemu przyk\u0142adowo mikro- b\u0105d\u017a ma\u0142y przedsi\u0119biorca z regionu wojew\u00f3dztwa ma\u0142opolskiego mo\u017ce liczy\u0107 na 55% wsparcia w zakresie realizowanej inwestycji pocz\u0105tkowej zwi\u0105zanej z wdro\u017ceniem nowego (dotychczas nieprodukowanego) produktu na rynek (35% + premia 20%).<\/p>\n","protected":false},"excerpt":{"rendered":"<p>Konkurs zosta\u0142 og\u0142oszony 31 stycznia 2019 r. Nab\u00f3r wniosk\u00f3w: 04.03 &#8211; 31.05.2019. Poznaj szczeg\u00f3\u0142y i wprowadzaj nowe produkty na rynek !<\/p>\n","protected":false},"author":2,"featured_media":4396,"comment_status":"closed","ping_status":"closed","sticky":false,"template":"","format":"standard","meta":{"_crdt_document":"","content-type":"","_uag_custom_page_level_css":"","footnotes":""},"categories":[82],"tags":[],"class_list":["post-4393","post","type-post","status-publish","format-standard","has-post-thumbnail","hentry","category-dotacje-ue-rafal-pasterczyk-rpconsulting"],"yoast_head":"<!-- This site is optimized with the Yoast SEO plugin v27.3 - https:\/\/yoast.com\/product\/yoast-seo-wordpress\/ -->\n<title>2.3.5 Design dla przedsi\u0119biorc\u00f3w 2019 - projektuj i wdra\u017caj nowe produkty<\/title>\n<meta name=\"description\" content=\"2.3.5 Design dla przedsi\u0119biorc\u00f3w 2019 - konkurs; nab\u00f3r wniosk\u00f3w w okresie: 04.03 - 31.05.2019 r.; projektuj i wdra\u017caj na rynek nowe produkty !\" \/>\n<meta name=\"robots\" content=\"index, follow, max-snippet:-1, max-image-preview:large, max-video-preview:-1\" \/>\n<link rel=\"canonical\" href=\"https:\/\/inteligentny-rozwoj.com.pl\/index.php\/2-3-5-design-dla-przedsiebiorcow-2019-konkurs\/\" \/>\n<meta property=\"og:locale\" content=\"pl_PL\" \/>\n<meta property=\"og:type\" content=\"article\" \/>\n<meta property=\"og:title\" content=\"2.3.5 Design dla przedsi\u0119biorc\u00f3w 2019 - projektuj i wdra\u017caj nowe produkty\" \/>\n<meta property=\"og:description\" content=\"2.3.5 Design dla przedsi\u0119biorc\u00f3w 2019 - konkurs; nab\u00f3r wniosk\u00f3w w okresie: 04.03 - 31.05.2019 r.; projektuj i wdra\u017caj na rynek nowe produkty !\" \/>\n<meta property=\"og:url\" content=\"https:\/\/inteligentny-rozwoj.com.pl\/index.php\/2-3-5-design-dla-przedsiebiorcow-2019-konkurs\/\" \/>\n<meta property=\"og:site_name\" content=\"RP CONSULTING Rafa\u0142 Pasterczyk | marketing B2B, eksport, dotacje UE\" \/>\n<meta property=\"article:publisher\" content=\"https:\/\/www.facebook.com\/RPConsulting\" \/>\n<meta property=\"article:author\" content=\"https:\/\/www.facebook.com\/RPConsulting\/\" \/>\n<meta property=\"article:published_time\" content=\"2019-02-02T23:59:35+00:00\" \/>\n<meta property=\"article:modified_time\" content=\"2025-09-23T20:23:50+00:00\" \/>\n<meta property=\"og:image\" content=\"https:\/\/inteligentny-rozwoj.com.pl\/wp-content\/uploads\/2019\/02\/2.3.5-design-dla-przedsiebiorcow-2019-konkurs.jpg\" \/>\n\t<meta property=\"og:image:width\" content=\"1920\" \/>\n\t<meta property=\"og:image:height\" content=\"867\" \/>\n\t<meta property=\"og:image:type\" content=\"image\/jpeg\" \/>\n<meta name=\"author\" content=\"Rafa\u0142 Pasterczyk RP CONSULTING\" \/>\n<meta name=\"twitter:card\" content=\"summary_large_image\" \/>\n<meta name=\"twitter:creator\" content=\"@rafalpasterczyk\" \/>\n<meta name=\"twitter:site\" content=\"@rp_consulting\" \/>\n<meta name=\"twitter:label1\" content=\"Napisane przez\" \/>\n\t<meta name=\"twitter:data1\" content=\"Rafa\u0142 Pasterczyk RP CONSULTING\" \/>\n\t<meta name=\"twitter:label2\" content=\"Szacowany czas czytania\" \/>\n\t<meta name=\"twitter:data2\" content=\"7 minut\" \/>\n<script type=\"application\/ld+json\" class=\"yoast-schema-graph\">{\"@context\":\"https:\\\/\\\/schema.org\",\"@graph\":[{\"@type\":\"Article\",\"@id\":\"https:\\\/\\\/inteligentny-rozwoj.com.pl\\\/index.php\\\/2-3-5-design-dla-przedsiebiorcow-2019-konkurs\\\/#article\",\"isPartOf\":{\"@id\":\"https:\\\/\\\/inteligentny-rozwoj.com.pl\\\/index.php\\\/2-3-5-design-dla-przedsiebiorcow-2019-konkurs\\\/\"},\"author\":{\"name\":\"Rafa\u0142 Pasterczyk RP CONSULTING\",\"@id\":\"https:\\\/\\\/inteligentny-rozwoj.com.pl\\\/#\\\/schema\\\/person\\\/29878a67e460856f699476b98c548656\"},\"headline\":\"2.3.5 Design dla przedsi\u0119biorc\u00f3w 2019 &#8211; projektuj i wdra\u017caj nowe produkty\",\"datePublished\":\"2019-02-02T23:59:35+00:00\",\"dateModified\":\"2025-09-23T20:23:50+00:00\",\"mainEntityOfPage\":{\"@id\":\"https:\\\/\\\/inteligentny-rozwoj.com.pl\\\/index.php\\\/2-3-5-design-dla-przedsiebiorcow-2019-konkurs\\\/\"},\"wordCount\":1490,\"publisher\":{\"@id\":\"https:\\\/\\\/inteligentny-rozwoj.com.pl\\\/#organization\"},\"image\":{\"@id\":\"https:\\\/\\\/inteligentny-rozwoj.com.pl\\\/index.php\\\/2-3-5-design-dla-przedsiebiorcow-2019-konkurs\\\/#primaryimage\"},\"thumbnailUrl\":\"https:\\\/\\\/inteligentny-rozwoj.com.pl\\\/wp-content\\\/uploads\\\/2019\\\/02\\\/2.3.5-design-dla-przedsiebiorcow-2019-konkurs.jpg\",\"articleSection\":[\"Dotacje UE\"],\"inLanguage\":\"pl-PL\"},{\"@type\":\"WebPage\",\"@id\":\"https:\\\/\\\/inteligentny-rozwoj.com.pl\\\/index.php\\\/2-3-5-design-dla-przedsiebiorcow-2019-konkurs\\\/\",\"url\":\"https:\\\/\\\/inteligentny-rozwoj.com.pl\\\/index.php\\\/2-3-5-design-dla-przedsiebiorcow-2019-konkurs\\\/\",\"name\":\"2.3.5 Design dla przedsi\u0119biorc\u00f3w 2019 - projektuj i wdra\u017caj nowe produkty\",\"isPartOf\":{\"@id\":\"https:\\\/\\\/inteligentny-rozwoj.com.pl\\\/#website\"},\"primaryImageOfPage\":{\"@id\":\"https:\\\/\\\/inteligentny-rozwoj.com.pl\\\/index.php\\\/2-3-5-design-dla-przedsiebiorcow-2019-konkurs\\\/#primaryimage\"},\"image\":{\"@id\":\"https:\\\/\\\/inteligentny-rozwoj.com.pl\\\/index.php\\\/2-3-5-design-dla-przedsiebiorcow-2019-konkurs\\\/#primaryimage\"},\"thumbnailUrl\":\"https:\\\/\\\/inteligentny-rozwoj.com.pl\\\/wp-content\\\/uploads\\\/2019\\\/02\\\/2.3.5-design-dla-przedsiebiorcow-2019-konkurs.jpg\",\"datePublished\":\"2019-02-02T23:59:35+00:00\",\"dateModified\":\"2025-09-23T20:23:50+00:00\",\"description\":\"2.3.5 Design dla przedsi\u0119biorc\u00f3w 2019 - konkurs; nab\u00f3r wniosk\u00f3w w okresie: 04.03 - 31.05.2019 r.; projektuj i wdra\u017caj na rynek nowe produkty !\",\"breadcrumb\":{\"@id\":\"https:\\\/\\\/inteligentny-rozwoj.com.pl\\\/index.php\\\/2-3-5-design-dla-przedsiebiorcow-2019-konkurs\\\/#breadcrumb\"},\"inLanguage\":\"pl-PL\",\"potentialAction\":[{\"@type\":\"ReadAction\",\"target\":[\"https:\\\/\\\/inteligentny-rozwoj.com.pl\\\/index.php\\\/2-3-5-design-dla-przedsiebiorcow-2019-konkurs\\\/\"]}]},{\"@type\":\"ImageObject\",\"inLanguage\":\"pl-PL\",\"@id\":\"https:\\\/\\\/inteligentny-rozwoj.com.pl\\\/index.php\\\/2-3-5-design-dla-przedsiebiorcow-2019-konkurs\\\/#primaryimage\",\"url\":\"https:\\\/\\\/inteligentny-rozwoj.com.pl\\\/wp-content\\\/uploads\\\/2019\\\/02\\\/2.3.5-design-dla-przedsiebiorcow-2019-konkurs.jpg\",\"contentUrl\":\"https:\\\/\\\/inteligentny-rozwoj.com.pl\\\/wp-content\\\/uploads\\\/2019\\\/02\\\/2.3.5-design-dla-przedsiebiorcow-2019-konkurs.jpg\",\"width\":1920,\"height\":867,\"caption\":\"2.3.5-design-dla-przedsiebiorcow-2019-konkurs\"},{\"@type\":\"BreadcrumbList\",\"@id\":\"https:\\\/\\\/inteligentny-rozwoj.com.pl\\\/index.php\\\/2-3-5-design-dla-przedsiebiorcow-2019-konkurs\\\/#breadcrumb\",\"itemListElement\":[{\"@type\":\"ListItem\",\"position\":1,\"name\":\"Dotacje UE\",\"item\":\"https:\\\/\\\/inteligentny-rozwoj.com.pl\\\/index.php\\\/category\\\/dotacje-ue-rafal-pasterczyk-rpconsulting\\\/\"},{\"@type\":\"ListItem\",\"position\":2,\"name\":\"2.3.5 Design dla przedsi\u0119biorc\u00f3w 2019 &#8211; projektuj i wdra\u017caj nowe produkty\"}]},{\"@type\":\"WebSite\",\"@id\":\"https:\\\/\\\/inteligentny-rozwoj.com.pl\\\/#website\",\"url\":\"https:\\\/\\\/inteligentny-rozwoj.com.pl\\\/\",\"name\":\"RP CONSULTING Rafa\u0142 Pasterczyk | marketing B2B, eksport, dotacje UE\",\"description\":\"Tw\u00f3j partner w rozwoju biznesu - skuteczne doradztwo w marketingu B2B, rozwoju eksportu i pozyskiwaniu dotacji\",\"publisher\":{\"@id\":\"https:\\\/\\\/inteligentny-rozwoj.com.pl\\\/#organization\"},\"alternateName\":\"Rafa\u0142 Pasterczyk RP CONSULTING\",\"potentialAction\":[{\"@type\":\"SearchAction\",\"target\":{\"@type\":\"EntryPoint\",\"urlTemplate\":\"https:\\\/\\\/inteligentny-rozwoj.com.pl\\\/?s={search_term_string}\"},\"query-input\":{\"@type\":\"PropertyValueSpecification\",\"valueRequired\":true,\"valueName\":\"search_term_string\"}}],\"inLanguage\":\"pl-PL\"},{\"@type\":\"Organization\",\"@id\":\"https:\\\/\\\/inteligentny-rozwoj.com.pl\\\/#organization\",\"name\":\"RP CONSULTING Rafa\u0142 Pasterczyk\",\"alternateName\":\"Rafa\u0142 Pasterczyk RP CONSULTING\",\"url\":\"https:\\\/\\\/inteligentny-rozwoj.com.pl\\\/\",\"logo\":{\"@type\":\"ImageObject\",\"inLanguage\":\"pl-PL\",\"@id\":\"https:\\\/\\\/inteligentny-rozwoj.com.pl\\\/#\\\/schema\\\/logo\\\/image\\\/\",\"url\":\"https:\\\/\\\/inteligentny-rozwoj.com.pl\\\/wp-content\\\/uploads\\\/2019\\\/01\\\/cropped-rpc_logo_sq-e1546996617786.png\",\"contentUrl\":\"https:\\\/\\\/inteligentny-rozwoj.com.pl\\\/wp-content\\\/uploads\\\/2019\\\/01\\\/cropped-rpc_logo_sq-e1546996617786.png\",\"width\":512,\"height\":512,\"caption\":\"RP CONSULTING Rafa\u0142 Pasterczyk\"},\"image\":{\"@id\":\"https:\\\/\\\/inteligentny-rozwoj.com.pl\\\/#\\\/schema\\\/logo\\\/image\\\/\"},\"sameAs\":[\"https:\\\/\\\/www.facebook.com\\\/RPConsulting\",\"https:\\\/\\\/x.com\\\/rp_consulting\",\"https:\\\/\\\/www.instagram.com\\\/rpconsulting.pl\\\/\",\"https:\\\/\\\/pl.linkedin.com\\\/company\\\/rp-consulting-rpc\",\"https:\\\/\\\/www.linkedin.com\\\/in\\\/rafal-pasterczyk\\\/\"]},{\"@type\":\"Person\",\"@id\":\"https:\\\/\\\/inteligentny-rozwoj.com.pl\\\/#\\\/schema\\\/person\\\/29878a67e460856f699476b98c548656\",\"name\":\"Rafa\u0142 Pasterczyk RP CONSULTING\",\"image\":{\"@type\":\"ImageObject\",\"inLanguage\":\"pl-PL\",\"@id\":\"https:\\\/\\\/secure.gravatar.com\\\/avatar\\\/76ef057934b4fe9ea64143fcb5f01852758ad62507ad62fcc17d81518e0fba27?s=96&d=mm&r=g\",\"url\":\"https:\\\/\\\/secure.gravatar.com\\\/avatar\\\/76ef057934b4fe9ea64143fcb5f01852758ad62507ad62fcc17d81518e0fba27?s=96&d=mm&r=g\",\"contentUrl\":\"https:\\\/\\\/secure.gravatar.com\\\/avatar\\\/76ef057934b4fe9ea64143fcb5f01852758ad62507ad62fcc17d81518e0fba27?s=96&d=mm&r=g\",\"caption\":\"Rafa\u0142 Pasterczyk RP CONSULTING\"},\"description\":\"B2B Marketing Manager &amp; Business Consultant. Konsultant marketingu B2B i interim marketing manager, specjalista w zakresie rozwoju eksportu i pozyskiwania dotacji z UE - \u0142\u0105czy tematyk\u0119 rozwoju biznesu z jego finansowaniem z Funduszy Europejskich, pomaga firmom budowa\u0107 skuteczne strategie marketingowe oraz rozwija\u0107 sprzeda\u017c krajow\u0105 i eksportow\u0105. Z sukcesem zrealizowa\u0142 ponad 100 projekt\u00f3w doradczych w powy\u017cszych obszarach rozwoju biznesu.\",\"sameAs\":[\"https:\\\/\\\/inteligentny-rozwoj.com.pl\\\/index.php\\\/doradca-biznesowy-konsultant-biznesowy\\\/\",\"https:\\\/\\\/www.facebook.com\\\/RPConsulting\\\/\",\"https:\\\/\\\/www.instagram.com\\\/rpconsulting.pl\\\/\",\"https:\\\/\\\/www.linkedin.com\\\/in\\\/rafal-pasterczyk\\\/\",\"https:\\\/\\\/x.com\\\/rafalpasterczyk\",\"https:\\\/\\\/www.youtube.com\\\/@RPCONSULTING-b2b\"],\"url\":\"https:\\\/\\\/inteligentny-rozwoj.com.pl\\\/index.php\\\/author\\\/rafal\\\/\"}]}<\/script>\n<!-- \/ Yoast SEO plugin. -->","yoast_head_json":{"title":"2.3.5 Design dla przedsi\u0119biorc\u00f3w 2019 - projektuj i wdra\u017caj nowe produkty","description":"2.3.5 Design dla przedsi\u0119biorc\u00f3w 2019 - konkurs; nab\u00f3r wniosk\u00f3w w okresie: 04.03 - 31.05.2019 r.; projektuj i wdra\u017caj na rynek nowe produkty !","robots":{"index":"index","follow":"follow","max-snippet":"max-snippet:-1","max-image-preview":"max-image-preview:large","max-video-preview":"max-video-preview:-1"},"canonical":"https:\/\/inteligentny-rozwoj.com.pl\/index.php\/2-3-5-design-dla-przedsiebiorcow-2019-konkurs\/","og_locale":"pl_PL","og_type":"article","og_title":"2.3.5 Design dla przedsi\u0119biorc\u00f3w 2019 - projektuj i wdra\u017caj nowe produkty","og_description":"2.3.5 Design dla przedsi\u0119biorc\u00f3w 2019 - konkurs; nab\u00f3r wniosk\u00f3w w okresie: 04.03 - 31.05.2019 r.; projektuj i wdra\u017caj na rynek nowe produkty !","og_url":"https:\/\/inteligentny-rozwoj.com.pl\/index.php\/2-3-5-design-dla-przedsiebiorcow-2019-konkurs\/","og_site_name":"RP CONSULTING Rafa\u0142 Pasterczyk | marketing B2B, eksport, dotacje UE","article_publisher":"https:\/\/www.facebook.com\/RPConsulting","article_author":"https:\/\/www.facebook.com\/RPConsulting\/","article_published_time":"2019-02-02T23:59:35+00:00","article_modified_time":"2025-09-23T20:23:50+00:00","og_image":[{"width":1920,"height":867,"url":"https:\/\/inteligentny-rozwoj.com.pl\/wp-content\/uploads\/2019\/02\/2.3.5-design-dla-przedsiebiorcow-2019-konkurs.jpg","type":"image\/jpeg"}],"author":"Rafa\u0142 Pasterczyk RP CONSULTING","twitter_card":"summary_large_image","twitter_creator":"@rafalpasterczyk","twitter_site":"@rp_consulting","twitter_misc":{"Napisane przez":"Rafa\u0142 Pasterczyk RP CONSULTING","Szacowany czas czytania":"7 minut"},"schema":{"@context":"https:\/\/schema.org","@graph":[{"@type":"Article","@id":"https:\/\/inteligentny-rozwoj.com.pl\/index.php\/2-3-5-design-dla-przedsiebiorcow-2019-konkurs\/#article","isPartOf":{"@id":"https:\/\/inteligentny-rozwoj.com.pl\/index.php\/2-3-5-design-dla-przedsiebiorcow-2019-konkurs\/"},"author":{"name":"Rafa\u0142 Pasterczyk RP CONSULTING","@id":"https:\/\/inteligentny-rozwoj.com.pl\/#\/schema\/person\/29878a67e460856f699476b98c548656"},"headline":"2.3.5 Design dla przedsi\u0119biorc\u00f3w 2019 &#8211; projektuj i wdra\u017caj nowe produkty","datePublished":"2019-02-02T23:59:35+00:00","dateModified":"2025-09-23T20:23:50+00:00","mainEntityOfPage":{"@id":"https:\/\/inteligentny-rozwoj.com.pl\/index.php\/2-3-5-design-dla-przedsiebiorcow-2019-konkurs\/"},"wordCount":1490,"publisher":{"@id":"https:\/\/inteligentny-rozwoj.com.pl\/#organization"},"image":{"@id":"https:\/\/inteligentny-rozwoj.com.pl\/index.php\/2-3-5-design-dla-przedsiebiorcow-2019-konkurs\/#primaryimage"},"thumbnailUrl":"https:\/\/inteligentny-rozwoj.com.pl\/wp-content\/uploads\/2019\/02\/2.3.5-design-dla-przedsiebiorcow-2019-konkurs.jpg","articleSection":["Dotacje UE"],"inLanguage":"pl-PL"},{"@type":"WebPage","@id":"https:\/\/inteligentny-rozwoj.com.pl\/index.php\/2-3-5-design-dla-przedsiebiorcow-2019-konkurs\/","url":"https:\/\/inteligentny-rozwoj.com.pl\/index.php\/2-3-5-design-dla-przedsiebiorcow-2019-konkurs\/","name":"2.3.5 Design dla przedsi\u0119biorc\u00f3w 2019 - projektuj i wdra\u017caj nowe produkty","isPartOf":{"@id":"https:\/\/inteligentny-rozwoj.com.pl\/#website"},"primaryImageOfPage":{"@id":"https:\/\/inteligentny-rozwoj.com.pl\/index.php\/2-3-5-design-dla-przedsiebiorcow-2019-konkurs\/#primaryimage"},"image":{"@id":"https:\/\/inteligentny-rozwoj.com.pl\/index.php\/2-3-5-design-dla-przedsiebiorcow-2019-konkurs\/#primaryimage"},"thumbnailUrl":"https:\/\/inteligentny-rozwoj.com.pl\/wp-content\/uploads\/2019\/02\/2.3.5-design-dla-przedsiebiorcow-2019-konkurs.jpg","datePublished":"2019-02-02T23:59:35+00:00","dateModified":"2025-09-23T20:23:50+00:00","description":"2.3.5 Design dla przedsi\u0119biorc\u00f3w 2019 - konkurs; nab\u00f3r wniosk\u00f3w w okresie: 04.03 - 31.05.2019 r.; projektuj i wdra\u017caj na rynek nowe produkty !","breadcrumb":{"@id":"https:\/\/inteligentny-rozwoj.com.pl\/index.php\/2-3-5-design-dla-przedsiebiorcow-2019-konkurs\/#breadcrumb"},"inLanguage":"pl-PL","potentialAction":[{"@type":"ReadAction","target":["https:\/\/inteligentny-rozwoj.com.pl\/index.php\/2-3-5-design-dla-przedsiebiorcow-2019-konkurs\/"]}]},{"@type":"ImageObject","inLanguage":"pl-PL","@id":"https:\/\/inteligentny-rozwoj.com.pl\/index.php\/2-3-5-design-dla-przedsiebiorcow-2019-konkurs\/#primaryimage","url":"https:\/\/inteligentny-rozwoj.com.pl\/wp-content\/uploads\/2019\/02\/2.3.5-design-dla-przedsiebiorcow-2019-konkurs.jpg","contentUrl":"https:\/\/inteligentny-rozwoj.com.pl\/wp-content\/uploads\/2019\/02\/2.3.5-design-dla-przedsiebiorcow-2019-konkurs.jpg","width":1920,"height":867,"caption":"2.3.5-design-dla-przedsiebiorcow-2019-konkurs"},{"@type":"BreadcrumbList","@id":"https:\/\/inteligentny-rozwoj.com.pl\/index.php\/2-3-5-design-dla-przedsiebiorcow-2019-konkurs\/#breadcrumb","itemListElement":[{"@type":"ListItem","position":1,"name":"Dotacje UE","item":"https:\/\/inteligentny-rozwoj.com.pl\/index.php\/category\/dotacje-ue-rafal-pasterczyk-rpconsulting\/"},{"@type":"ListItem","position":2,"name":"2.3.5 Design dla przedsi\u0119biorc\u00f3w 2019 &#8211; projektuj i wdra\u017caj nowe produkty"}]},{"@type":"WebSite","@id":"https:\/\/inteligentny-rozwoj.com.pl\/#website","url":"https:\/\/inteligentny-rozwoj.com.pl\/","name":"RP CONSULTING Rafa\u0142 Pasterczyk | marketing B2B, eksport, dotacje UE","description":"Tw\u00f3j partner w rozwoju biznesu - skuteczne doradztwo w marketingu B2B, rozwoju eksportu i pozyskiwaniu dotacji","publisher":{"@id":"https:\/\/inteligentny-rozwoj.com.pl\/#organization"},"alternateName":"Rafa\u0142 Pasterczyk RP CONSULTING","potentialAction":[{"@type":"SearchAction","target":{"@type":"EntryPoint","urlTemplate":"https:\/\/inteligentny-rozwoj.com.pl\/?s={search_term_string}"},"query-input":{"@type":"PropertyValueSpecification","valueRequired":true,"valueName":"search_term_string"}}],"inLanguage":"pl-PL"},{"@type":"Organization","@id":"https:\/\/inteligentny-rozwoj.com.pl\/#organization","name":"RP CONSULTING Rafa\u0142 Pasterczyk","alternateName":"Rafa\u0142 Pasterczyk RP CONSULTING","url":"https:\/\/inteligentny-rozwoj.com.pl\/","logo":{"@type":"ImageObject","inLanguage":"pl-PL","@id":"https:\/\/inteligentny-rozwoj.com.pl\/#\/schema\/logo\/image\/","url":"https:\/\/inteligentny-rozwoj.com.pl\/wp-content\/uploads\/2019\/01\/cropped-rpc_logo_sq-e1546996617786.png","contentUrl":"https:\/\/inteligentny-rozwoj.com.pl\/wp-content\/uploads\/2019\/01\/cropped-rpc_logo_sq-e1546996617786.png","width":512,"height":512,"caption":"RP CONSULTING Rafa\u0142 Pasterczyk"},"image":{"@id":"https:\/\/inteligentny-rozwoj.com.pl\/#\/schema\/logo\/image\/"},"sameAs":["https:\/\/www.facebook.com\/RPConsulting","https:\/\/x.com\/rp_consulting","https:\/\/www.instagram.com\/rpconsulting.pl\/","https:\/\/pl.linkedin.com\/company\/rp-consulting-rpc","https:\/\/www.linkedin.com\/in\/rafal-pasterczyk\/"]},{"@type":"Person","@id":"https:\/\/inteligentny-rozwoj.com.pl\/#\/schema\/person\/29878a67e460856f699476b98c548656","name":"Rafa\u0142 Pasterczyk RP CONSULTING","image":{"@type":"ImageObject","inLanguage":"pl-PL","@id":"https:\/\/secure.gravatar.com\/avatar\/76ef057934b4fe9ea64143fcb5f01852758ad62507ad62fcc17d81518e0fba27?s=96&d=mm&r=g","url":"https:\/\/secure.gravatar.com\/avatar\/76ef057934b4fe9ea64143fcb5f01852758ad62507ad62fcc17d81518e0fba27?s=96&d=mm&r=g","contentUrl":"https:\/\/secure.gravatar.com\/avatar\/76ef057934b4fe9ea64143fcb5f01852758ad62507ad62fcc17d81518e0fba27?s=96&d=mm&r=g","caption":"Rafa\u0142 Pasterczyk RP CONSULTING"},"description":"B2B Marketing Manager &amp; Business Consultant. Konsultant marketingu B2B i interim marketing manager, specjalista w zakresie rozwoju eksportu i pozyskiwania dotacji z UE - \u0142\u0105czy tematyk\u0119 rozwoju biznesu z jego finansowaniem z Funduszy Europejskich, pomaga firmom budowa\u0107 skuteczne strategie marketingowe oraz rozwija\u0107 sprzeda\u017c krajow\u0105 i eksportow\u0105. Z sukcesem zrealizowa\u0142 ponad 100 projekt\u00f3w doradczych w powy\u017cszych obszarach rozwoju biznesu.","sameAs":["https:\/\/inteligentny-rozwoj.com.pl\/index.php\/doradca-biznesowy-konsultant-biznesowy\/","https:\/\/www.facebook.com\/RPConsulting\/","https:\/\/www.instagram.com\/rpconsulting.pl\/","https:\/\/www.linkedin.com\/in\/rafal-pasterczyk\/","https:\/\/x.com\/rafalpasterczyk","https:\/\/www.youtube.com\/@RPCONSULTING-b2b"],"url":"https:\/\/inteligentny-rozwoj.com.pl\/index.php\/author\/rafal\/"}]}},"uagb_featured_image_src":{"full":["https:\/\/inteligentny-rozwoj.com.pl\/wp-content\/uploads\/2019\/02\/2.3.5-design-dla-przedsiebiorcow-2019-konkurs.jpg",1920,867,false],"thumbnail":["https:\/\/inteligentny-rozwoj.com.pl\/wp-content\/uploads\/2019\/02\/2.3.5-design-dla-przedsiebiorcow-2019-konkurs-150x150.jpg",100,100,true],"medium":["https:\/\/inteligentny-rozwoj.com.pl\/wp-content\/uploads\/2019\/02\/2.3.5-design-dla-przedsiebiorcow-2019-konkurs-300x135.jpg",300,135,true],"medium_large":["https:\/\/inteligentny-rozwoj.com.pl\/wp-content\/uploads\/2019\/02\/2.3.5-design-dla-przedsiebiorcow-2019-konkurs-768x347.jpg",768,347,true],"large":["https:\/\/inteligentny-rozwoj.com.pl\/wp-content\/uploads\/2019\/02\/2.3.5-design-dla-przedsiebiorcow-2019-konkurs-1024x462.jpg",1024,462,true],"1536x1536":["https:\/\/inteligentny-rozwoj.com.pl\/wp-content\/uploads\/2019\/02\/2.3.5-design-dla-przedsiebiorcow-2019-konkurs.jpg",1536,694,false],"2048x2048":["https:\/\/inteligentny-rozwoj.com.pl\/wp-content\/uploads\/2019\/02\/2.3.5-design-dla-przedsiebiorcow-2019-konkurs.jpg",1920,867,false],"post-thumbnail":["https:\/\/inteligentny-rozwoj.com.pl\/wp-content\/uploads\/2019\/02\/2.3.5-design-dla-przedsiebiorcow-2019-konkurs-536x242.jpg",536,242,true],"sow-carousel-default":["https:\/\/inteligentny-rozwoj.com.pl\/wp-content\/uploads\/2019\/02\/2.3.5-design-dla-przedsiebiorcow-2019-konkurs-272x182.jpg",272,182,true],"sow-blog-portfolio":["https:\/\/inteligentny-rozwoj.com.pl\/wp-content\/uploads\/2019\/02\/2.3.5-design-dla-przedsiebiorcow-2019-konkurs.jpg",375,169,false],"sow-blog-grid":["https:\/\/inteligentny-rozwoj.com.pl\/wp-content\/uploads\/2019\/02\/2.3.5-design-dla-przedsiebiorcow-2019-konkurs.jpg",720,325,false],"sow-blog-alternate":["https:\/\/inteligentny-rozwoj.com.pl\/wp-content\/uploads\/2019\/02\/2.3.5-design-dla-przedsiebiorcow-2019-konkurs.jpg",950,429,false]},"uagb_author_info":{"display_name":"Rafa\u0142 Pasterczyk RP CONSULTING","author_link":"https:\/\/inteligentny-rozwoj.com.pl\/index.php\/author\/rafal\/"},"uagb_comment_info":0,"uagb_excerpt":"Konkurs zosta&#322; og&#322;oszony 31 stycznia 2019 r. Nab&oacute;r wniosk&oacute;w: 04.03 - 31.05.2019. Poznaj szczeg&oacute;&#322;y i wprowadzaj nowe produkty na rynek !","_links":{"self":[{"href":"https:\/\/inteligentny-rozwoj.com.pl\/index.php\/wp-json\/wp\/v2\/posts\/4393","targetHints":{"allow":["GET"]}}],"collection":[{"href":"https:\/\/inteligentny-rozwoj.com.pl\/index.php\/wp-json\/wp\/v2\/posts"}],"about":[{"href":"https:\/\/inteligentny-rozwoj.com.pl\/index.php\/wp-json\/wp\/v2\/types\/post"}],"author":[{"embeddable":true,"href":"https:\/\/inteligentny-rozwoj.com.pl\/index.php\/wp-json\/wp\/v2\/users\/2"}],"replies":[{"embeddable":true,"href":"https:\/\/inteligentny-rozwoj.com.pl\/index.php\/wp-json\/wp\/v2\/comments?post=4393"}],"version-history":[{"count":10,"href":"https:\/\/inteligentny-rozwoj.com.pl\/index.php\/wp-json\/wp\/v2\/posts\/4393\/revisions"}],"predecessor-version":[{"id":7405,"href":"https:\/\/inteligentny-rozwoj.com.pl\/index.php\/wp-json\/wp\/v2\/posts\/4393\/revisions\/7405"}],"wp:featuredmedia":[{"embeddable":true,"href":"https:\/\/inteligentny-rozwoj.com.pl\/index.php\/wp-json\/wp\/v2\/media\/4396"}],"wp:attachment":[{"href":"https:\/\/inteligentny-rozwoj.com.pl\/index.php\/wp-json\/wp\/v2\/media?parent=4393"}],"wp:term":[{"taxonomy":"category","embeddable":true,"href":"https:\/\/inteligentny-rozwoj.com.pl\/index.php\/wp-json\/wp\/v2\/categories?post=4393"},{"taxonomy":"post_tag","embeddable":true,"href":"https:\/\/inteligentny-rozwoj.com.pl\/index.php\/wp-json\/wp\/v2\/tags?post=4393"}],"curies":[{"name":"wp","href":"https:\/\/api.w.org\/{rel}","templated":true}]}}