{"id":4950,"date":"2021-01-27T17:38:12","date_gmt":"2021-01-27T16:38:12","guid":{"rendered":"https:\/\/inteligentny-rozwoj.com.pl\/?p=4950"},"modified":"2023-06-05T13:24:33","modified_gmt":"2023-06-05T11:24:33","slug":"go-to-brand-2021-expo-dubaj-znany-jest-termin-naboru","status":"publish","type":"post","link":"https:\/\/inteligentny-rozwoj.com.pl\/index.php\/go-to-brand-2021-expo-dubaj-znany-jest-termin-naboru\/","title":{"rendered":"Go To Brand 2021 &#8211; EXPO 2020 Dubaj &#8211; konkurs nr 8\/2021 zosta\u0142 og\u0142oszony !"},"content":{"rendered":"\n<p class=\"wp-block-paragraph\">Zgodnie z <a href=\"https:\/\/www.poir.gov.pl\/strony\/skorzystaj\/harmonogram-naborow-wnioskow\/\" target=\"_blank\" rel=\"noopener\">harmonogramem nabor\u00f3w wniosk\u00f3w na 2021 rok dla Programu Operacyjnego Inteligentny Rozw\u00f3j<\/a>, w dniu <strong>27 stycznia 2021 roku<\/strong> og\u0142oszony zosta\u0142 <a rel=\"noreferrer noopener\" aria-label=\"konkurs nr 8 dla Go To Brand 2021 (otwiera si\u0119 na nowej zak\u0142adce)\" href=\"https:\/\/inteligentny-rozwoj.com.pl\/index.php\/go-to-brand-expo-2020\/\" target=\"_blank\">konkurs nr 8 dla Go To Brand 2021<\/a>. <\/p>\n\n\n\n<p class=\"wp-block-paragraph\">Podobnie jak w przypadku konkursu nr 7\/2020, konkurs <a rel=\"noreferrer noopener\" aria-label=\"Go To Brand 2021 zaplanowany zosta\u0142 w formule EXPO Dubaj (otwiera si\u0119 na nowej zak\u0142adce)\" href=\"https:\/\/inteligentny-rozwoj.com.pl\/index.php\/go-to-brand-expo-2020\/\" target=\"_blank\">Go To Brand 2021 zaplanowany zosta\u0142 w formule EXPO Dubaj<\/a> &#8211; <strong><em>wsparcie M\u015aP uczestnicz\u0105cych w programie promocji o charakterze og\u00f3lnym w zwi\u0105zku z udzia\u0142em Polski w \u015awiatowej Wystawie EXPO 2020 w Dubaju<\/em><\/strong>.<\/p>\n\n\n\n<ul class=\"wp-block-list\"><li>rozpocz\u0119cie naboru wniosk\u00f3w dla konkursu nr 8 Go To Brand 2021: <strong>26 lutego 2021<\/strong><\/li><li>zako\u0144czenie naboru wniosk\u00f3w dla konkursu nr 8 Go To Brand 2021: <strong>29 marca 2021<\/strong> (konkurs zako\u0144czony)<\/li><\/ul>\n\n\n\n<p class=\"has-vivid-red-color has-text-color wp-block-paragraph\"><strong>WYNIKI KONKURSU &#8211; <a href=\"https:\/\/inteligentny-rozwoj.com.pl\/index.php\/go-to-brand-2021-expo-dubaj-2020-wyniki-konkurs-nr-8-2021\/\" target=\"_blank\" rel=\"noreferrer noopener\">poznaj list\u0119 projekt\u00f3w wybranych do dofinansowania<\/a> !<\/strong><\/p>\n\n\n\n<ul class=\"wp-block-list\"><li><strong><a href=\"https:\/\/inteligentny-rozwoj.com.pl\/index.php\/go-to-brand-expo-2020\/\" target=\"_blank\" rel=\"noreferrer noopener\" aria-label=\"Wi\u0119cej&nbsp;informacji&nbsp;na temat konkursu -&nbsp;ZAPRASZAMY ! (otwiera si\u0119 na nowej zak\u0142adce)\">Wi\u0119cej&nbsp;informacji&nbsp;na temat konkursu &#8211;&nbsp;ZAPRASZAMY !<\/a><\/strong><\/li><\/ul>\n\n\n\n<p class=\"wp-block-paragraph\"><strong>Jeste\u015b zainteresowany pozyskaniem dofinansowania ?!<\/strong><\/p>\n\n\n<div\n\t\t\t\n\t\t\tclass=\"so-widget-sow-button so-widget-sow-button-atom-5b696ffdffde\"\n\t\t\t\n\t\t><div class=\"ow-button-base ow-button-align-left\"\n>\n\t\t\t<a href=\"https:\/\/inteligentny-rozwoj.com.pl\/index.php\/kontakt\/\" class=\"sowb-button ow-icon-placement-left ow-button-hover\" target=\"_blank\" rel=\"noopener noreferrer\">\n\t\t<span>\n\t\t\t\n\t\t\tSkontaktuj si\u0119 z nami i zapytaj o szczeg\u00f3\u0142y !\t\t<\/span>\n\t\t\t<\/a>\n\t<\/div>\n<\/div>","protected":false},"excerpt":{"rendered":"<p>Termin naboru wniosk\u00f3w: 26.02 &#8211; 29.03.3031 r. &#8211; Wsparcie M\u015aP uczestnicz\u0105cych w<br \/>\nprogramie promocji o charakterze og\u00f3lnym w zwi\u0105zku z udzia\u0142em Polski w \u015awiatowej Wystawie EXPO 2020 w Dubaju.<\/p>\n","protected":false},"author":1,"featured_media":4682,"comment_status":"closed","ping_status":"closed","sticky":false,"template":"","format":"standard","meta":{"_crdt_document":"","content-type":"","_uag_custom_page_level_css":"","footnotes":""},"categories":[82],"tags":[],"class_list":["post-4950","post","type-post","status-publish","format-standard","has-post-thumbnail","hentry","category-dotacje-ue-rafal-pasterczyk-rpconsulting"],"yoast_head":"<!-- This site is optimized with the Yoast SEO plugin v27.3 - https:\/\/yoast.com\/product\/yoast-seo-wordpress\/ -->\n<title>Go To Brand 2021 - EXPO 2020 Dubaj - konkurs nr 8\/2021 zosta\u0142 og\u0142oszony !<\/title>\n<meta name=\"description\" content=\"Go To Brand 2021; wsparcie M\u015aP uczestnicz\u0105cych w programie promocji o charakterze og\u00f3lnym w zw. z udzia\u0142em Polski w \u015awiatowej Wystawie EXPO 2020 w Dubaju\" \/>\n<meta name=\"robots\" content=\"index, follow, max-snippet:-1, max-image-preview:large, max-video-preview:-1\" \/>\n<link rel=\"canonical\" href=\"https:\/\/inteligentny-rozwoj.com.pl\/index.php\/go-to-brand-2021-expo-dubaj-znany-jest-termin-naboru\/\" \/>\n<meta property=\"og:locale\" content=\"pl_PL\" \/>\n<meta property=\"og:type\" content=\"article\" \/>\n<meta property=\"og:title\" content=\"Go To Brand 2021 - EXPO 2020 Dubaj - konkurs nr 8\/2021 zosta\u0142 og\u0142oszony !\" \/>\n<meta property=\"og:description\" content=\"Go To Brand 2021; wsparcie M\u015aP uczestnicz\u0105cych w programie promocji o charakterze og\u00f3lnym w zw. z udzia\u0142em Polski w \u015awiatowej Wystawie EXPO 2020 w Dubaju\" \/>\n<meta property=\"og:url\" content=\"https:\/\/inteligentny-rozwoj.com.pl\/index.php\/go-to-brand-2021-expo-dubaj-znany-jest-termin-naboru\/\" \/>\n<meta property=\"og:site_name\" content=\"RP CONSULTING Rafa\u0142 Pasterczyk | marketing B2B, eksport, dotacje UE\" \/>\n<meta property=\"article:publisher\" content=\"https:\/\/www.facebook.com\/RPConsulting\" \/>\n<meta property=\"article:author\" content=\"https:\/\/www.facebook.com\/RPConsulting\/\" \/>\n<meta property=\"article:published_time\" content=\"2021-01-27T16:38:12+00:00\" \/>\n<meta property=\"article:modified_time\" content=\"2023-06-05T11:24:33+00:00\" \/>\n<meta property=\"og:image\" content=\"https:\/\/inteligentny-rozwoj.com.pl\/wp-content\/uploads\/2020\/02\/Go_To_Brand-EXPO_2020_Dubaj.jpg\" \/>\n\t<meta property=\"og:image:width\" content=\"1024\" \/>\n\t<meta property=\"og:image:height\" content=\"682\" \/>\n\t<meta property=\"og:image:type\" content=\"image\/jpeg\" \/>\n<meta name=\"author\" content=\"RP CONSULTING Rafa\u0142 Pasterczyk\" \/>\n<meta name=\"twitter:card\" content=\"summary_large_image\" \/>\n<meta name=\"twitter:creator\" content=\"@rp_consulting\" \/>\n<meta name=\"twitter:site\" content=\"@rp_consulting\" \/>\n<meta name=\"twitter:label1\" content=\"Napisane przez\" \/>\n\t<meta name=\"twitter:data1\" content=\"RP CONSULTING Rafa\u0142 Pasterczyk\" \/>\n\t<meta name=\"twitter:label2\" content=\"Szacowany czas czytania\" \/>\n\t<meta name=\"twitter:data2\" content=\"1 minuta\" \/>\n<script type=\"application\/ld+json\" class=\"yoast-schema-graph\">{\"@context\":\"https:\\\/\\\/schema.org\",\"@graph\":[{\"@type\":\"Article\",\"@id\":\"https:\\\/\\\/inteligentny-rozwoj.com.pl\\\/index.php\\\/go-to-brand-2021-expo-dubaj-znany-jest-termin-naboru\\\/#article\",\"isPartOf\":{\"@id\":\"https:\\\/\\\/inteligentny-rozwoj.com.pl\\\/index.php\\\/go-to-brand-2021-expo-dubaj-znany-jest-termin-naboru\\\/\"},\"author\":{\"name\":\"RP CONSULTING Rafa\u0142 Pasterczyk\",\"@id\":\"https:\\\/\\\/inteligentny-rozwoj.com.pl\\\/#\\\/schema\\\/person\\\/781a467e5e331ce384632759ecdba772\"},\"headline\":\"Go To Brand 2021 &#8211; EXPO 2020 Dubaj &#8211; konkurs nr 8\\\/2021 zosta\u0142 og\u0142oszony !\",\"datePublished\":\"2021-01-27T16:38:12+00:00\",\"dateModified\":\"2023-06-05T11:24:33+00:00\",\"mainEntityOfPage\":{\"@id\":\"https:\\\/\\\/inteligentny-rozwoj.com.pl\\\/index.php\\\/go-to-brand-2021-expo-dubaj-znany-jest-termin-naboru\\\/\"},\"wordCount\":134,\"publisher\":{\"@id\":\"https:\\\/\\\/inteligentny-rozwoj.com.pl\\\/#organization\"},\"image\":{\"@id\":\"https:\\\/\\\/inteligentny-rozwoj.com.pl\\\/index.php\\\/go-to-brand-2021-expo-dubaj-znany-jest-termin-naboru\\\/#primaryimage\"},\"thumbnailUrl\":\"https:\\\/\\\/inteligentny-rozwoj.com.pl\\\/wp-content\\\/uploads\\\/2020\\\/02\\\/Go_To_Brand-EXPO_2020_Dubaj.jpg\",\"articleSection\":[\"Dotacje UE\"],\"inLanguage\":\"pl-PL\"},{\"@type\":\"WebPage\",\"@id\":\"https:\\\/\\\/inteligentny-rozwoj.com.pl\\\/index.php\\\/go-to-brand-2021-expo-dubaj-znany-jest-termin-naboru\\\/\",\"url\":\"https:\\\/\\\/inteligentny-rozwoj.com.pl\\\/index.php\\\/go-to-brand-2021-expo-dubaj-znany-jest-termin-naboru\\\/\",\"name\":\"Go To Brand 2021 - EXPO 2020 Dubaj - konkurs nr 8\\\/2021 zosta\u0142 og\u0142oszony !\",\"isPartOf\":{\"@id\":\"https:\\\/\\\/inteligentny-rozwoj.com.pl\\\/#website\"},\"primaryImageOfPage\":{\"@id\":\"https:\\\/\\\/inteligentny-rozwoj.com.pl\\\/index.php\\\/go-to-brand-2021-expo-dubaj-znany-jest-termin-naboru\\\/#primaryimage\"},\"image\":{\"@id\":\"https:\\\/\\\/inteligentny-rozwoj.com.pl\\\/index.php\\\/go-to-brand-2021-expo-dubaj-znany-jest-termin-naboru\\\/#primaryimage\"},\"thumbnailUrl\":\"https:\\\/\\\/inteligentny-rozwoj.com.pl\\\/wp-content\\\/uploads\\\/2020\\\/02\\\/Go_To_Brand-EXPO_2020_Dubaj.jpg\",\"datePublished\":\"2021-01-27T16:38:12+00:00\",\"dateModified\":\"2023-06-05T11:24:33+00:00\",\"description\":\"Go To Brand 2021; wsparcie M\u015aP uczestnicz\u0105cych w programie promocji o charakterze og\u00f3lnym w zw. z udzia\u0142em Polski w \u015awiatowej Wystawie EXPO 2020 w Dubaju\",\"breadcrumb\":{\"@id\":\"https:\\\/\\\/inteligentny-rozwoj.com.pl\\\/index.php\\\/go-to-brand-2021-expo-dubaj-znany-jest-termin-naboru\\\/#breadcrumb\"},\"inLanguage\":\"pl-PL\",\"potentialAction\":[{\"@type\":\"ReadAction\",\"target\":[\"https:\\\/\\\/inteligentny-rozwoj.com.pl\\\/index.php\\\/go-to-brand-2021-expo-dubaj-znany-jest-termin-naboru\\\/\"]}]},{\"@type\":\"ImageObject\",\"inLanguage\":\"pl-PL\",\"@id\":\"https:\\\/\\\/inteligentny-rozwoj.com.pl\\\/index.php\\\/go-to-brand-2021-expo-dubaj-znany-jest-termin-naboru\\\/#primaryimage\",\"url\":\"https:\\\/\\\/inteligentny-rozwoj.com.pl\\\/wp-content\\\/uploads\\\/2020\\\/02\\\/Go_To_Brand-EXPO_2020_Dubaj.jpg\",\"contentUrl\":\"https:\\\/\\\/inteligentny-rozwoj.com.pl\\\/wp-content\\\/uploads\\\/2020\\\/02\\\/Go_To_Brand-EXPO_2020_Dubaj.jpg\",\"width\":1024,\"height\":682},{\"@type\":\"BreadcrumbList\",\"@id\":\"https:\\\/\\\/inteligentny-rozwoj.com.pl\\\/index.php\\\/go-to-brand-2021-expo-dubaj-znany-jest-termin-naboru\\\/#breadcrumb\",\"itemListElement\":[{\"@type\":\"ListItem\",\"position\":1,\"name\":\"Dotacje UE\",\"item\":\"https:\\\/\\\/inteligentny-rozwoj.com.pl\\\/index.php\\\/category\\\/dotacje-ue-rafal-pasterczyk-rpconsulting\\\/\"},{\"@type\":\"ListItem\",\"position\":2,\"name\":\"Go To Brand 2021 &#8211; EXPO 2020 Dubaj &#8211; konkurs nr 8\\\/2021 zosta\u0142 og\u0142oszony !\"}]},{\"@type\":\"WebSite\",\"@id\":\"https:\\\/\\\/inteligentny-rozwoj.com.pl\\\/#website\",\"url\":\"https:\\\/\\\/inteligentny-rozwoj.com.pl\\\/\",\"name\":\"RP CONSULTING Rafa\u0142 Pasterczyk | marketing B2B, eksport, dotacje UE\",\"description\":\"Tw\u00f3j partner w rozwoju biznesu - skuteczne doradztwo w marketingu B2B, rozwoju eksportu i pozyskiwaniu dotacji\",\"publisher\":{\"@id\":\"https:\\\/\\\/inteligentny-rozwoj.com.pl\\\/#organization\"},\"alternateName\":\"Rafa\u0142 Pasterczyk RP CONSULTING\",\"potentialAction\":[{\"@type\":\"SearchAction\",\"target\":{\"@type\":\"EntryPoint\",\"urlTemplate\":\"https:\\\/\\\/inteligentny-rozwoj.com.pl\\\/?s={search_term_string}\"},\"query-input\":{\"@type\":\"PropertyValueSpecification\",\"valueRequired\":true,\"valueName\":\"search_term_string\"}}],\"inLanguage\":\"pl-PL\"},{\"@type\":\"Organization\",\"@id\":\"https:\\\/\\\/inteligentny-rozwoj.com.pl\\\/#organization\",\"name\":\"RP CONSULTING Rafa\u0142 Pasterczyk\",\"alternateName\":\"Rafa\u0142 Pasterczyk RP CONSULTING\",\"url\":\"https:\\\/\\\/inteligentny-rozwoj.com.pl\\\/\",\"logo\":{\"@type\":\"ImageObject\",\"inLanguage\":\"pl-PL\",\"@id\":\"https:\\\/\\\/inteligentny-rozwoj.com.pl\\\/#\\\/schema\\\/logo\\\/image\\\/\",\"url\":\"https:\\\/\\\/inteligentny-rozwoj.com.pl\\\/wp-content\\\/uploads\\\/2019\\\/01\\\/cropped-rpc_logo_sq-e1546996617786.png\",\"contentUrl\":\"https:\\\/\\\/inteligentny-rozwoj.com.pl\\\/wp-content\\\/uploads\\\/2019\\\/01\\\/cropped-rpc_logo_sq-e1546996617786.png\",\"width\":512,\"height\":512,\"caption\":\"RP CONSULTING Rafa\u0142 Pasterczyk\"},\"image\":{\"@id\":\"https:\\\/\\\/inteligentny-rozwoj.com.pl\\\/#\\\/schema\\\/logo\\\/image\\\/\"},\"sameAs\":[\"https:\\\/\\\/www.facebook.com\\\/RPConsulting\",\"https:\\\/\\\/x.com\\\/rp_consulting\",\"https:\\\/\\\/www.instagram.com\\\/rpconsulting.pl\\\/\",\"https:\\\/\\\/pl.linkedin.com\\\/company\\\/rp-consulting-rpc\",\"https:\\\/\\\/www.linkedin.com\\\/in\\\/rafal-pasterczyk\\\/\"]},{\"@type\":\"Person\",\"@id\":\"https:\\\/\\\/inteligentny-rozwoj.com.pl\\\/#\\\/schema\\\/person\\\/781a467e5e331ce384632759ecdba772\",\"name\":\"RP CONSULTING Rafa\u0142 Pasterczyk\",\"image\":{\"@type\":\"ImageObject\",\"inLanguage\":\"pl-PL\",\"@id\":\"https:\\\/\\\/secure.gravatar.com\\\/avatar\\\/fde501377d5b06ef1fb158c1ea34fe2defd80fd9526b2263a81456023558c240?s=96&d=mm&r=g\",\"url\":\"https:\\\/\\\/secure.gravatar.com\\\/avatar\\\/fde501377d5b06ef1fb158c1ea34fe2defd80fd9526b2263a81456023558c240?s=96&d=mm&r=g\",\"contentUrl\":\"https:\\\/\\\/secure.gravatar.com\\\/avatar\\\/fde501377d5b06ef1fb158c1ea34fe2defd80fd9526b2263a81456023558c240?s=96&d=mm&r=g\",\"caption\":\"RP CONSULTING Rafa\u0142 Pasterczyk\"},\"description\":\"Doradztwo biznesowe, outsourcing i interim management w zakresie marketingu B2B, rozwoju eksportu, a tak\u017ce pozyskiwanie i rozliczanie dotacji na rozw\u00f3j eksportu i cyfryzacj\u0119. Ponad 100 skutecznie zrealizowanych projekt\u00f3w dla M\u015aP. Wiele z nich \u0142\u0105czy doradztwo w zakresie strategii internacjonalizacji ze skutecznym pozyskaniem dofinansowania na dzia\u0142ania na rynkach zagranicznych.\",\"sameAs\":[\"https:\\\/\\\/inteligentny-rozwoj.com.pl\\\/\",\"https:\\\/\\\/www.facebook.com\\\/RPConsulting\\\/\",\"https:\\\/\\\/www.instagram.com\\\/rpconsulting.pl\\\/\",\"https:\\\/\\\/pl.linkedin.com\\\/company\\\/rp-consulting-rpc\",\"https:\\\/\\\/www.youtube.com\\\/@RPCONSULTING-b2b\"],\"url\":\"https:\\\/\\\/inteligentny-rozwoj.com.pl\\\/index.php\\\/author\\\/rpconsulting\\\/\"}]}<\/script>\n<!-- \/ Yoast SEO plugin. -->","yoast_head_json":{"title":"Go To Brand 2021 - EXPO 2020 Dubaj - konkurs nr 8\/2021 zosta\u0142 og\u0142oszony !","description":"Go To Brand 2021; wsparcie M\u015aP uczestnicz\u0105cych w programie promocji o charakterze og\u00f3lnym w zw. z udzia\u0142em Polski w \u015awiatowej Wystawie EXPO 2020 w Dubaju","robots":{"index":"index","follow":"follow","max-snippet":"max-snippet:-1","max-image-preview":"max-image-preview:large","max-video-preview":"max-video-preview:-1"},"canonical":"https:\/\/inteligentny-rozwoj.com.pl\/index.php\/go-to-brand-2021-expo-dubaj-znany-jest-termin-naboru\/","og_locale":"pl_PL","og_type":"article","og_title":"Go To Brand 2021 - EXPO 2020 Dubaj - konkurs nr 8\/2021 zosta\u0142 og\u0142oszony !","og_description":"Go To Brand 2021; wsparcie M\u015aP uczestnicz\u0105cych w programie promocji o charakterze og\u00f3lnym w zw. z udzia\u0142em Polski w \u015awiatowej Wystawie EXPO 2020 w Dubaju","og_url":"https:\/\/inteligentny-rozwoj.com.pl\/index.php\/go-to-brand-2021-expo-dubaj-znany-jest-termin-naboru\/","og_site_name":"RP CONSULTING Rafa\u0142 Pasterczyk | marketing B2B, eksport, dotacje UE","article_publisher":"https:\/\/www.facebook.com\/RPConsulting","article_author":"https:\/\/www.facebook.com\/RPConsulting\/","article_published_time":"2021-01-27T16:38:12+00:00","article_modified_time":"2023-06-05T11:24:33+00:00","og_image":[{"width":1024,"height":682,"url":"https:\/\/inteligentny-rozwoj.com.pl\/wp-content\/uploads\/2020\/02\/Go_To_Brand-EXPO_2020_Dubaj.jpg","type":"image\/jpeg"}],"author":"RP CONSULTING Rafa\u0142 Pasterczyk","twitter_card":"summary_large_image","twitter_creator":"@rp_consulting","twitter_site":"@rp_consulting","twitter_misc":{"Napisane przez":"RP CONSULTING Rafa\u0142 Pasterczyk","Szacowany czas czytania":"1 minuta"},"schema":{"@context":"https:\/\/schema.org","@graph":[{"@type":"Article","@id":"https:\/\/inteligentny-rozwoj.com.pl\/index.php\/go-to-brand-2021-expo-dubaj-znany-jest-termin-naboru\/#article","isPartOf":{"@id":"https:\/\/inteligentny-rozwoj.com.pl\/index.php\/go-to-brand-2021-expo-dubaj-znany-jest-termin-naboru\/"},"author":{"name":"RP CONSULTING Rafa\u0142 Pasterczyk","@id":"https:\/\/inteligentny-rozwoj.com.pl\/#\/schema\/person\/781a467e5e331ce384632759ecdba772"},"headline":"Go To Brand 2021 &#8211; EXPO 2020 Dubaj &#8211; konkurs nr 8\/2021 zosta\u0142 og\u0142oszony !","datePublished":"2021-01-27T16:38:12+00:00","dateModified":"2023-06-05T11:24:33+00:00","mainEntityOfPage":{"@id":"https:\/\/inteligentny-rozwoj.com.pl\/index.php\/go-to-brand-2021-expo-dubaj-znany-jest-termin-naboru\/"},"wordCount":134,"publisher":{"@id":"https:\/\/inteligentny-rozwoj.com.pl\/#organization"},"image":{"@id":"https:\/\/inteligentny-rozwoj.com.pl\/index.php\/go-to-brand-2021-expo-dubaj-znany-jest-termin-naboru\/#primaryimage"},"thumbnailUrl":"https:\/\/inteligentny-rozwoj.com.pl\/wp-content\/uploads\/2020\/02\/Go_To_Brand-EXPO_2020_Dubaj.jpg","articleSection":["Dotacje UE"],"inLanguage":"pl-PL"},{"@type":"WebPage","@id":"https:\/\/inteligentny-rozwoj.com.pl\/index.php\/go-to-brand-2021-expo-dubaj-znany-jest-termin-naboru\/","url":"https:\/\/inteligentny-rozwoj.com.pl\/index.php\/go-to-brand-2021-expo-dubaj-znany-jest-termin-naboru\/","name":"Go To Brand 2021 - EXPO 2020 Dubaj - konkurs nr 8\/2021 zosta\u0142 og\u0142oszony !","isPartOf":{"@id":"https:\/\/inteligentny-rozwoj.com.pl\/#website"},"primaryImageOfPage":{"@id":"https:\/\/inteligentny-rozwoj.com.pl\/index.php\/go-to-brand-2021-expo-dubaj-znany-jest-termin-naboru\/#primaryimage"},"image":{"@id":"https:\/\/inteligentny-rozwoj.com.pl\/index.php\/go-to-brand-2021-expo-dubaj-znany-jest-termin-naboru\/#primaryimage"},"thumbnailUrl":"https:\/\/inteligentny-rozwoj.com.pl\/wp-content\/uploads\/2020\/02\/Go_To_Brand-EXPO_2020_Dubaj.jpg","datePublished":"2021-01-27T16:38:12+00:00","dateModified":"2023-06-05T11:24:33+00:00","description":"Go To Brand 2021; wsparcie M\u015aP uczestnicz\u0105cych w programie promocji o charakterze og\u00f3lnym w zw. z udzia\u0142em Polski w \u015awiatowej Wystawie EXPO 2020 w Dubaju","breadcrumb":{"@id":"https:\/\/inteligentny-rozwoj.com.pl\/index.php\/go-to-brand-2021-expo-dubaj-znany-jest-termin-naboru\/#breadcrumb"},"inLanguage":"pl-PL","potentialAction":[{"@type":"ReadAction","target":["https:\/\/inteligentny-rozwoj.com.pl\/index.php\/go-to-brand-2021-expo-dubaj-znany-jest-termin-naboru\/"]}]},{"@type":"ImageObject","inLanguage":"pl-PL","@id":"https:\/\/inteligentny-rozwoj.com.pl\/index.php\/go-to-brand-2021-expo-dubaj-znany-jest-termin-naboru\/#primaryimage","url":"https:\/\/inteligentny-rozwoj.com.pl\/wp-content\/uploads\/2020\/02\/Go_To_Brand-EXPO_2020_Dubaj.jpg","contentUrl":"https:\/\/inteligentny-rozwoj.com.pl\/wp-content\/uploads\/2020\/02\/Go_To_Brand-EXPO_2020_Dubaj.jpg","width":1024,"height":682},{"@type":"BreadcrumbList","@id":"https:\/\/inteligentny-rozwoj.com.pl\/index.php\/go-to-brand-2021-expo-dubaj-znany-jest-termin-naboru\/#breadcrumb","itemListElement":[{"@type":"ListItem","position":1,"name":"Dotacje UE","item":"https:\/\/inteligentny-rozwoj.com.pl\/index.php\/category\/dotacje-ue-rafal-pasterczyk-rpconsulting\/"},{"@type":"ListItem","position":2,"name":"Go To Brand 2021 &#8211; EXPO 2020 Dubaj &#8211; konkurs nr 8\/2021 zosta\u0142 og\u0142oszony !"}]},{"@type":"WebSite","@id":"https:\/\/inteligentny-rozwoj.com.pl\/#website","url":"https:\/\/inteligentny-rozwoj.com.pl\/","name":"RP CONSULTING Rafa\u0142 Pasterczyk | marketing B2B, eksport, dotacje UE","description":"Tw\u00f3j partner w rozwoju biznesu - skuteczne doradztwo w marketingu B2B, rozwoju eksportu i pozyskiwaniu dotacji","publisher":{"@id":"https:\/\/inteligentny-rozwoj.com.pl\/#organization"},"alternateName":"Rafa\u0142 Pasterczyk RP CONSULTING","potentialAction":[{"@type":"SearchAction","target":{"@type":"EntryPoint","urlTemplate":"https:\/\/inteligentny-rozwoj.com.pl\/?s={search_term_string}"},"query-input":{"@type":"PropertyValueSpecification","valueRequired":true,"valueName":"search_term_string"}}],"inLanguage":"pl-PL"},{"@type":"Organization","@id":"https:\/\/inteligentny-rozwoj.com.pl\/#organization","name":"RP CONSULTING Rafa\u0142 Pasterczyk","alternateName":"Rafa\u0142 Pasterczyk RP CONSULTING","url":"https:\/\/inteligentny-rozwoj.com.pl\/","logo":{"@type":"ImageObject","inLanguage":"pl-PL","@id":"https:\/\/inteligentny-rozwoj.com.pl\/#\/schema\/logo\/image\/","url":"https:\/\/inteligentny-rozwoj.com.pl\/wp-content\/uploads\/2019\/01\/cropped-rpc_logo_sq-e1546996617786.png","contentUrl":"https:\/\/inteligentny-rozwoj.com.pl\/wp-content\/uploads\/2019\/01\/cropped-rpc_logo_sq-e1546996617786.png","width":512,"height":512,"caption":"RP CONSULTING Rafa\u0142 Pasterczyk"},"image":{"@id":"https:\/\/inteligentny-rozwoj.com.pl\/#\/schema\/logo\/image\/"},"sameAs":["https:\/\/www.facebook.com\/RPConsulting","https:\/\/x.com\/rp_consulting","https:\/\/www.instagram.com\/rpconsulting.pl\/","https:\/\/pl.linkedin.com\/company\/rp-consulting-rpc","https:\/\/www.linkedin.com\/in\/rafal-pasterczyk\/"]},{"@type":"Person","@id":"https:\/\/inteligentny-rozwoj.com.pl\/#\/schema\/person\/781a467e5e331ce384632759ecdba772","name":"RP CONSULTING Rafa\u0142 Pasterczyk","image":{"@type":"ImageObject","inLanguage":"pl-PL","@id":"https:\/\/secure.gravatar.com\/avatar\/fde501377d5b06ef1fb158c1ea34fe2defd80fd9526b2263a81456023558c240?s=96&d=mm&r=g","url":"https:\/\/secure.gravatar.com\/avatar\/fde501377d5b06ef1fb158c1ea34fe2defd80fd9526b2263a81456023558c240?s=96&d=mm&r=g","contentUrl":"https:\/\/secure.gravatar.com\/avatar\/fde501377d5b06ef1fb158c1ea34fe2defd80fd9526b2263a81456023558c240?s=96&d=mm&r=g","caption":"RP CONSULTING Rafa\u0142 Pasterczyk"},"description":"Doradztwo biznesowe, outsourcing i interim management w zakresie marketingu B2B, rozwoju eksportu, a tak\u017ce pozyskiwanie i rozliczanie dotacji na rozw\u00f3j eksportu i cyfryzacj\u0119. Ponad 100 skutecznie zrealizowanych projekt\u00f3w dla M\u015aP. Wiele z nich \u0142\u0105czy doradztwo w zakresie strategii internacjonalizacji ze skutecznym pozyskaniem dofinansowania na dzia\u0142ania na rynkach zagranicznych.","sameAs":["https:\/\/inteligentny-rozwoj.com.pl\/","https:\/\/www.facebook.com\/RPConsulting\/","https:\/\/www.instagram.com\/rpconsulting.pl\/","https:\/\/pl.linkedin.com\/company\/rp-consulting-rpc","https:\/\/www.youtube.com\/@RPCONSULTING-b2b"],"url":"https:\/\/inteligentny-rozwoj.com.pl\/index.php\/author\/rpconsulting\/"}]}},"uagb_featured_image_src":{"full":["https:\/\/inteligentny-rozwoj.com.pl\/wp-content\/uploads\/2020\/02\/Go_To_Brand-EXPO_2020_Dubaj.jpg",1024,682,false],"thumbnail":["https:\/\/inteligentny-rozwoj.com.pl\/wp-content\/uploads\/2020\/02\/Go_To_Brand-EXPO_2020_Dubaj-100x100.jpg",100,100,true],"medium":["https:\/\/inteligentny-rozwoj.com.pl\/wp-content\/uploads\/2020\/02\/Go_To_Brand-EXPO_2020_Dubaj-300x200.jpg",300,200,true],"medium_large":["https:\/\/inteligentny-rozwoj.com.pl\/wp-content\/uploads\/2020\/02\/Go_To_Brand-EXPO_2020_Dubaj-768x512.jpg",768,512,true],"large":["https:\/\/inteligentny-rozwoj.com.pl\/wp-content\/uploads\/2020\/02\/Go_To_Brand-EXPO_2020_Dubaj-1024x682.jpg",1024,682,true],"1536x1536":["https:\/\/inteligentny-rozwoj.com.pl\/wp-content\/uploads\/2020\/02\/Go_To_Brand-EXPO_2020_Dubaj.jpg",1024,682,false],"2048x2048":["https:\/\/inteligentny-rozwoj.com.pl\/wp-content\/uploads\/2020\/02\/Go_To_Brand-EXPO_2020_Dubaj.jpg",1024,682,false],"post-thumbnail":["https:\/\/inteligentny-rozwoj.com.pl\/wp-content\/uploads\/2020\/02\/Go_To_Brand-EXPO_2020_Dubaj-536x357.jpg",536,357,true],"sow-carousel-default":["https:\/\/inteligentny-rozwoj.com.pl\/wp-content\/uploads\/2020\/02\/Go_To_Brand-EXPO_2020_Dubaj-272x182.jpg",272,182,true],"sow-blog-portfolio":["https:\/\/inteligentny-rozwoj.com.pl\/wp-content\/uploads\/2020\/02\/Go_To_Brand-EXPO_2020_Dubaj.jpg",375,250,false],"sow-blog-grid":["https:\/\/inteligentny-rozwoj.com.pl\/wp-content\/uploads\/2020\/02\/Go_To_Brand-EXPO_2020_Dubaj.jpg",720,480,false],"sow-blog-alternate":["https:\/\/inteligentny-rozwoj.com.pl\/wp-content\/uploads\/2020\/02\/Go_To_Brand-EXPO_2020_Dubaj.jpg",946,630,false]},"uagb_author_info":{"display_name":"RP CONSULTING Rafa\u0142 Pasterczyk","author_link":"https:\/\/inteligentny-rozwoj.com.pl\/index.php\/author\/rpconsulting\/"},"uagb_comment_info":0,"uagb_excerpt":"Termin naboru wniosk&oacute;w: 26.02 - 29.03.3031 r. - Wsparcie M&#346;P uczestnicz&#261;cych w programie promocji o charakterze og&oacute;lnym w zwi&#261;zku z udzia&#322;em Polski w &#346;wiatowej Wystawie EXPO 2020 w Dubaju.","_links":{"self":[{"href":"https:\/\/inteligentny-rozwoj.com.pl\/index.php\/wp-json\/wp\/v2\/posts\/4950","targetHints":{"allow":["GET"]}}],"collection":[{"href":"https:\/\/inteligentny-rozwoj.com.pl\/index.php\/wp-json\/wp\/v2\/posts"}],"about":[{"href":"https:\/\/inteligentny-rozwoj.com.pl\/index.php\/wp-json\/wp\/v2\/types\/post"}],"author":[{"embeddable":true,"href":"https:\/\/inteligentny-rozwoj.com.pl\/index.php\/wp-json\/wp\/v2\/users\/1"}],"replies":[{"embeddable":true,"href":"https:\/\/inteligentny-rozwoj.com.pl\/index.php\/wp-json\/wp\/v2\/comments?post=4950"}],"version-history":[{"count":4,"href":"https:\/\/inteligentny-rozwoj.com.pl\/index.php\/wp-json\/wp\/v2\/posts\/4950\/revisions"}],"predecessor-version":[{"id":5563,"href":"https:\/\/inteligentny-rozwoj.com.pl\/index.php\/wp-json\/wp\/v2\/posts\/4950\/revisions\/5563"}],"wp:featuredmedia":[{"embeddable":true,"href":"https:\/\/inteligentny-rozwoj.com.pl\/index.php\/wp-json\/wp\/v2\/media\/4682"}],"wp:attachment":[{"href":"https:\/\/inteligentny-rozwoj.com.pl\/index.php\/wp-json\/wp\/v2\/media?parent=4950"}],"wp:term":[{"taxonomy":"category","embeddable":true,"href":"https:\/\/inteligentny-rozwoj.com.pl\/index.php\/wp-json\/wp\/v2\/categories?post=4950"},{"taxonomy":"post_tag","embeddable":true,"href":"https:\/\/inteligentny-rozwoj.com.pl\/index.php\/wp-json\/wp\/v2\/tags?post=4950"}],"curies":[{"name":"wp","href":"https:\/\/api.w.org\/{rel}","templated":true}]}}