{"id":8480,"date":"2024-05-30T02:58:00","date_gmt":"2024-05-30T00:58:00","guid":{"rendered":"https:\/\/inteligentny-rozwoj.com.pl\/?p=8480"},"modified":"2024-06-02T00:29:43","modified_gmt":"2024-06-01T22:29:43","slug":"personalizacja-i-zwrot-grzecznosciowy-w-komunikacji-handlowej-b2b","status":"publish","type":"post","link":"https:\/\/inteligentny-rozwoj.com.pl\/index.php\/personalizacja-i-zwrot-grzecznosciowy-w-komunikacji-handlowej-b2b\/","title":{"rendered":"Personalizacja poprawna czy mo\u017ce jednak b\u0142\u0119dy w komunikacji handlowej B2B?"},"content":{"rendered":"\n<p class=\"wp-block-paragraph\">Okazuje si\u0119, ze <strong>personalizacja i u\u017cywanie zwrot\u00f3w grzeczno\u015bciowych mo\u017ce czasem wprawi\u0107 w zak\u0142opotanie<\/strong>, dlatego ten artyku\u0142 b\u0119dzie napisany w nieco innym stylu i prezentuj\u0105cy konkretne zachowanie w trakcie komunikacji handlowej B2B, kt\u00f3re wymaga przemy\u015blenia z punktu widzenia poprawno\u015bci.<\/p>\n\n\n\n<p class=\"wp-block-paragraph\">Ostatnio zauwa\u017cy\u0142em pewn\u0105 tendencj\u0119, kt\u00f3ra coraz cz\u0119\u015bciej si\u0119 powtarza i dlatego zacz\u0119\u0142o mnie zastanawia\u0107, czy jest to zjawisko zupe\u0142nie normalne i powszechne w B2B, czy mo\u017ce zachodzi tu jednak pewne niedopatrzenie, je\u015bli chodzi o spos\u00f3b prowadzenia komunikacji handlowej.<\/p>\n\n\n\n<p class=\"wp-block-paragraph\">Zdaj\u0119 sobie spraw\u0119, \u017ce <a href=\"https:\/\/inteligentny-rozwoj.com.pl\/index.php\/automatyzacja-marketingu-b2b-marketing-automation\/\">narz\u0119dzia do automatyzacji<\/a>, kt\u00f3re u\u0142atwiaj\u0105 tak\u017ce prowadzenie korespondencji e-mail, nie s\u0105 doskona\u0142e, a <strong>personalizacja tre\u015bci za ich po\u015brednictwem napotyka np. na problemy z odmian\u0105<\/strong>: \u201ePanie&#8221;, &#8222;Pana&#8221;, &#8222;Panu&#8221; itp., ale z drugiej strony wydaje mi si\u0119, \u017ce w korespondencji handlowej B2B, kiedy jedna strona chcia\u0142aby co\u015b kupi\u0107 i wysy\u0142a zapytanie ofertowe, nale\u017ca\u0142oby zachowa\u0107 pewn\u0105 konsekwencj\u0119.<\/p>\n\n\n\n<p class=\"wp-block-paragraph\">U\u017cywanie gotowych szablon\u00f3w odpowiedzi z automatyczn\u0105 personalizacj\u0105 w tre\u015bci wiadomo\u015bci jest oczywi\u015bcie bardzo pomocne, jednak\u017ce okazuje si\u0119, \u017ce mo\u017ce r\u00f3wnie\u017c powodowa\u0107 pewne niezrozumienie.<\/p>\n\n\n\n<h2 class=\"wp-block-heading\">Personalizacja w wiadomo\u015bciach e-mail i zwrot grzeczno\u015bciowy<\/h2>\n\n\n\n<p class=\"wp-block-paragraph\">Spr\u00f3buj\u0119 przedstawi\u0107 sytuacj\u0119, kt\u00f3ra zdarzy\u0142a mi si\u0119 ju\u017c nie po raz pierwszy i nadal nie wiem, czy tego typu spos\u00f3b <a href=\"https:\/\/inteligentny-rozwoj.com.pl\/index.php\/marketing-b2b\/\" target=\"_blank\" rel=\"noreferrer noopener\">komunikacji handlowej w B2B<\/a> to znak czasu, efekt zmiany pokoleniowej, czy te\u017c post\u0119pu technologicznego? A mo\u017ce braku przemy\u015blanego zachowania\u2026?<\/p>\n\n\n\n<p class=\"wp-block-paragraph\">Finalnie jednak nadal nie wiem, w jaki spos\u00f3b powinienem si\u0119 zachowa\u0107 i w jakiej formie prowadzi\u0107 komunikacj\u0119 z drug\u0105 stron\u0105?<\/p>\n\n\n\n<h3 class=\"wp-block-heading\">Zapytanie o us\u0142ug\u0119 i odpowied\u017a sprzedawcy<\/h3>\n\n\n\n<p class=\"wp-block-paragraph\">By\u0142em zainteresowany nawi\u0105zaniem wsp\u00f3\u0142pracy B2B; chcia\u0142em zapyta\u0107 o warunki zakupu wybranych us\u0142ug biznesowych dla mojej firmy (podmiotu, a nie prywatnie dla siebie). Przes\u0142a\u0142em zatem zapytanie z opisem tego, co mnie interesuje. Z racji tego, \u017ce by\u0142 to nasz pierwszy kontakt za po\u015brednictwem e-maila, u\u017cy\u0142em w mojej wiadomo\u015bci formy \u201ePan\/Pani\u201d.<br>W odpowiedzi zdarzy\u0142o mi si\u0119 jednak kilka razy otrzyma\u0107:<br>&#8222;Hej Rafa\u0142\u2026&#8221;<br>&#8222;Hey Rafa\u0142\u2026&#8221;<br>&#8222;Cze\u015b\u0107 Rafa\u0142\u2026&#8221;<\/p>\n\n\n\n<p class=\"wp-block-paragraph\">itp.<br>Na ko\u0144cu r\u00f3wnie\u017c\u2026 \u201eW za\u0142\u0105czniku znajdziesz przygotowan\u0105 dla Ciebie ofert\u0119\u2026\u201d lub co\u015b podobnego.<\/p>\n\n\n\n<p class=\"wp-block-paragraph\">I to absolutnie nie by\u0142 to dla mnie \u017caden problem.<\/p>\n\n\n\n<p class=\"wp-block-paragraph\">Pojawi\u0142 si\u0119 on jednak w momencie kontaktu zwrotnego z mojej strony.<\/p>\n\n\n\n<h3 class=\"wp-block-heading\">Kontakt zwrotny ze strony kupuj\u0105cego<\/h3>\n\n\n\n<p class=\"wp-block-paragraph\">Zapozna\u0142em si\u0119 z przes\u0142an\u0105 propozycj\u0105, a nast\u0119pnie oddzwoni\u0142em do osoby kontaktowej, bo chcia\u0142bym om\u00f3wi\u0107 szczeg\u00f3\u0142y. I \u017ceby nie wypa\u015b\u0107 \u201e\u017ale\u201d rozpocz\u0105\u0142em rozmow\u0119 w podobnej formule, jak wiadomo\u015b\u0107 e-mail, kt\u00f3r\u0105 otrzyma\u0142em: \u201eCz\u0119\u015b\u0107 tu Rafa\u0142\u2026.. Dzi\u0119ki za ofert\u0119, czy mo\u017cemy j\u0105 kr\u00f3tko om\u00f3wi\u0107?\u201d<br>Odpowied\u017a wprawi\u0142a mnie jednak w zak\u0142opotanie (jako osob\u0119 zainteresowan\u0105 zakupem), gdy\u017c z drugiej strony us\u0142ysza\u0142em: \u201eDzie\u0144 dobry Panie Rafale. Mi\u0142o, \u017ce Pan dzwoni &#8230;\u201d<br><br>Okazuje si\u0119, \u017ce tego typu sytuacje si\u0119 zdarzaj\u0105. A ja troch\u0119 czuj\u0119 si\u0119 winny, \u017ce pope\u0142niam jaki\u015b \u201enietakt\u201d, b\u0119d\u0105c zainteresowanym zakupem.<\/p>\n\n\n\n<p class=\"wp-block-paragraph\">Pytania jednak brzmi\u0105:<\/p>\n\n\n\n<ul class=\"wp-block-list\">\n<li>Czy to poprawna forma komunikacji ze strony sprzedawcy?<\/li>\n\n\n\n<li>Czy piszemy e-maile per \u201eTy\u201d, a nast\u0119pnie rozmawiamy telefonicznie per \u201ePan\u201d (dla mnie brzmi dziwnie,,,,,)?<\/li>\n\n\n\n<li>Czy tak wygl\u0105da codzienna komunikacja handlowa w B2B?<\/li>\n<\/ul>\n\n\n\n<h2 class=\"wp-block-heading\">Personalizacja w newsletterze a komunikacja handlowa w B2B<\/h2>\n\n\n\n<p class=\"wp-block-paragraph\">My\u015bl\u0119 tak\u017ce, \u017ce warto zwr\u00f3ci\u0107 uwag\u0119 na r\u00f3\u017cnice w 2 sytuacjach, dotycz\u0105cych prowadzenia komunikacji e-mail.<\/p>\n\n\n\n<h3 class=\"wp-block-heading\">Personalizacja w newsletterze<\/h3>\n\n\n\n<p class=\"wp-block-paragraph\">W przypadku komunikacji w <a href=\"https:\/\/pl.wikipedia.org\/wiki\/Newsletter\" target=\"_blank\" rel=\"noreferrer noopener\">newsletterze<\/a>, komunikacja per \u201eTy\u201d jest zupe\u0142nie uzasadniona i powszechna. Nie wyobra\u017cam sobie nawet, gdybym zapisa\u0142 si\u0119 do kogo\u015b na newsletter i otrzyma\u0142 \u201edawk\u0119 wiedzy\u201d w formule \u201eDzie\u0144 dobry Panie Rafale. Mam dla Pana przygotowan\u0105 porcj\u0119 interesuj\u0105cych informacji. Licz\u0119, \u017ce znajdzie Pan w nich wiele pomocnych wskaz\u00f3wek\u2026.\u201d<\/p>\n\n\n\n<p class=\"wp-block-paragraph\">My\u015bl\u0119 tak\u017ce, \u017ce ka\u017cdy z nas korzysta z r\u00f3\u017cnego typu subskrypcyjnych form komunikacji, pozyskiwania wiedzy i informacji. Nie ma zatem w tym nic dziwnego, \u017ce firmy B2B tak\u017ce skracaj\u0105 dystans i utrzymuj\u0105 komunikacj\u0119 w bardziej przyjacielskim i prywatnym tonie, zw\u0142aszcza, \u017ce tym kana\u0142em cz\u0119sto \u201eogrzewaj\u0105\u201d swoje leady.<\/p>\n\n\n\n<h3 class=\"wp-block-heading\">Komunikacja handlowa w B2B<\/h3>\n\n\n\n<p class=\"wp-block-paragraph\">Ale w tym przypadku nie dosz\u0142o do zapisu na newsletter, a ja po prostu kontaktowa\u0142em si\u0119 poprzez e-mail z handlowcem B2B, reprezentuj\u0105c swoj\u0105 organizacj\u0119 (a nie siebie prywatnie). Tutaj te\u017c kontakt poprzedzony by\u0142 wcze\u015bniejsz\u0105 rozmow\u0105 telefoniczn\u0105 z zachowaniem formy per \u201ePan\u201d, a nast\u0119pnie w jej efekcie przes\u0142a\u0142em swoje zapytanie poprzez e-mail do osoby kontaktowej, tak\u017ce u\u017cywaj\u0105c zwrotu grzeczno\u015bciowego i tworz\u0105c tre\u015b\u0107 korespondencji per \u201ePan\u201d.<\/p>\n\n\n\n<p class=\"wp-block-paragraph\">W takim przypadku \u2013 moim zdaniem \u2013 <a href=\"https:\/\/inteligentny-rozwoj.com.pl\/index.php\/doradztwo-biznesowe\/doradztwo-marketingowe-handlowe\/outsourcing-sprzedazy-b2b-outsourcing-dzialu-sprzedazy\/\" target=\"_blank\" rel=\"noreferrer noopener\">handlowiec B2B<\/a> powinien zachowa\u0107 w\/w formu\u0142\u0119.<\/p>\n\n\n\n<p class=\"wp-block-paragraph\">Je\u015bli jednak ju\u017c jej nie zachowa\u0142, tylko skorzysta\u0142 z mniej lub bardziej m\u0105drze przygotowanego gotowego szablonu odpowiedzi, to skoro wiedzia\u0142, \u017ce prowadzi korespondencj\u0119 ze mn\u0105 per \u201eTy\u201d, oraz zauwa\u017cy\u0142, \u017ce ja podczas kontaktu zwrotnego zaakceptowa\u0142em t\u0119 formu\u0142\u0119, to tym bardziej powinien j\u0105 utrzyma\u0107, nie natomiast przywraca\u0107 mnie do komunikacji per \u201ePan\u201d.<\/p>\n\n\n\n<p class=\"wp-block-paragraph\">Bo to wprowadzi\u0142o kupuj\u0105cego w zak\u0142opotanie.<\/p>\n\n\n\n<h2 class=\"wp-block-heading\">Podsumowanie<\/h2>\n\n\n\n<p class=\"wp-block-paragraph\">Narz\u0119dzia do automatyzacji wiadomo\u015bci s\u0105 bardzo u\u017cyteczne, pomocne oraz upraszczaj\u0105 i przyspieszaj\u0105 prac\u0119. Nie s\u0105 one jednak doskona\u0142e, a personalizacja w odmianie p\u0142ci cz\u0119sto stanowi problem, kt\u00f3ry mo\u017ce powodowa\u0107 niezrozumienie komunikacyjne.<\/p>\n\n\n\n<p class=\"wp-block-paragraph\">Nale\u017cy ich zatem u\u017cywa\u0107 w spos\u00f3b przemy\u015blany i by\u0107 konsekwentnym.<\/p>\n\n\n\n<p class=\"wp-block-paragraph\">Komunikacja w newsletterze zwykle jest bardziej lu\u017ana, nie dotyczy omawiania warunk\u00f3w oferty i zasad wsp\u00f3\u0142pracy, a zatem powinna by\u0107 prowadzona \u201eper Ty\u201d, co s\u0142u\u017cy obu stronom.<\/p>\n\n\n\n<p class=\"wp-block-paragraph\">W przypadku komunikacji handlowej B2B, sprzedawca powinien do\u0142o\u017cy\u0107 stara\u0144, aby nie wprowadza\u0107 w zak\u0142opotanie osoby, kt\u00f3ra wst\u0119pnie jest zainteresowana poznaniem oferty, a docelowo mo\u017ce r\u00f3wnie\u017c zakupem. W przypadku komunikacji pomi\u0119dzy osobami, kt\u00f3re si\u0119 nie znaj\u0105 i nie maj\u0105 zbudowanej relacji biznesowej, na pewno wskazane jest zachowanie formy oficjalnej \u201eper Pan\u201d, co zostanie odebrane bardziej profesjonalnie.<\/p>\n\n\n\n<p class=\"wp-block-paragraph\">Na pewno kupuj\u0105cy nie powinien czu\u0107 si\u0119 zak\u0142opotany\u2026<\/p>\n\n\n<div\n\t\t\t\n\t\t\tclass=\"so-widget-sow-cta so-widget-sow-cta-default-a23258021f70\"\n\t\t\t\n\t\t><div\n\tclass=\"sow-cta-base\"\n\t>\n\t\n\t<div class=\"sow-cta-wrapper\">\n\n\t\t<div class=\"sow-cta-text\">\n\t\t\t\t\t\t\t<h4 class=\"sow-cta-title\">\n\t\t\t\t\tChcesz porozmawia\u0107 o korespondencji handlowej w B2B?\t\t\t\t<\/h4>\n\t\t\t\n\t\t\t\t\t\t\t<h4 class=\"sow-cta-subtitle\">\n\t\t\t\t\t&#x1f449; A mo\u017ce interesuje Ci\u0119 ca\u0142o\u015bciowa koncepcja dzia\u0142a\u0144 w obszarze sprzeda\u017cy i marketingu?\t\t\t\t<\/h4>\n\t\t\t\t\t<\/div>\n\n\t\t<div\n\t\t\t\n\t\t\tclass=\"so-widget-sow-button so-widget-sow-button-flat-b559edb0e6ec\"\n\t\t\t\n\t\t><div class=\"ow-button-base ow-button-align-center\"\n>\n\t\t\t<a href=\"https:\/\/inteligentny-rozwoj.com.pl\/index.php\/kontakt\/\" class=\"sowb-button ow-icon-placement-left ow-button-hover\" target=\"_blank\" rel=\"noopener noreferrer\">\n\t\t<span>\n\t\t\t\n\t\t\tZapraszam do kontaktu !\t\t<\/span>\n\t\t\t<\/a>\n\t<\/div>\n<\/div>\n\t<\/div>\n\n\t<\/div>\n<\/div>","protected":false},"excerpt":{"rendered":"<p>Narz\u0119dzia do automatyzacji marketingu miewaj\u0105 problem z personalizacj\u0105 tre\u015bci w wiadomo\u015bciach e-mail. Przeczytaj i sprawd\u017a, czy opisana sytuacja powinna mie\u0107 miejsce w komunikacji handlowej B2B.<\/p>\n","protected":false},"author":2,"featured_media":8488,"comment_status":"closed","ping_status":"closed","sticky":false,"template":"","format":"standard","meta":{"_crdt_document":"","content-type":"","_uag_custom_page_level_css":"","footnotes":""},"categories":[77],"tags":[],"class_list":["post-8480","post","type-post","status-publish","format-standard","has-post-thumbnail","hentry","category-marketing-b2b-rafal-pasterczyk-rpconsulting"],"yoast_head":"<!-- This site is optimized with the Yoast SEO plugin v27.3 - https:\/\/yoast.com\/product\/yoast-seo-wordpress\/ -->\n<title>Personalizacja poprawna czy b\u0142\u0119dy w komunikacji handlowej B2B?<\/title>\n<meta name=\"description\" content=\"Personalizacja w korespondencji e-mail mo\u017ce by\u0107 czasem \u017ar\u00f3d\u0142em problem\u00f3w. Sprawd\u017a, jakie sytuacje zdarzaj\u0105 sie w komunikacji handlowej B2B\" \/>\n<meta name=\"robots\" content=\"index, follow, max-snippet:-1, max-image-preview:large, max-video-preview:-1\" \/>\n<link rel=\"canonical\" href=\"https:\/\/inteligentny-rozwoj.com.pl\/index.php\/personalizacja-i-zwrot-grzecznosciowy-w-komunikacji-handlowej-b2b\/\" \/>\n<meta property=\"og:locale\" content=\"pl_PL\" \/>\n<meta property=\"og:type\" content=\"article\" \/>\n<meta property=\"og:title\" content=\"Personalizacja poprawna czy b\u0142\u0119dy w komunikacji handlowej B2B?\" \/>\n<meta property=\"og:description\" content=\"Personalizacja w korespondencji e-mail mo\u017ce by\u0107 czasem \u017ar\u00f3d\u0142em problem\u00f3w. Sprawd\u017a, jakie sytuacje zdarzaj\u0105 sie w komunikacji handlowej B2B\" \/>\n<meta property=\"og:url\" content=\"https:\/\/inteligentny-rozwoj.com.pl\/index.php\/personalizacja-i-zwrot-grzecznosciowy-w-komunikacji-handlowej-b2b\/\" \/>\n<meta property=\"og:site_name\" content=\"RP CONSULTING Rafa\u0142 Pasterczyk | marketing B2B, eksport, dotacje UE\" \/>\n<meta property=\"article:publisher\" content=\"https:\/\/www.facebook.com\/RPConsulting\" \/>\n<meta property=\"article:author\" content=\"https:\/\/www.facebook.com\/RPConsulting\/\" \/>\n<meta property=\"article:published_time\" content=\"2024-05-30T00:58:00+00:00\" \/>\n<meta property=\"article:modified_time\" content=\"2024-06-01T22:29:43+00:00\" \/>\n<meta property=\"og:image\" content=\"https:\/\/inteligentny-rozwoj.com.pl\/wp-content\/uploads\/2024\/05\/personalizacja_wiadomosci_email_RPConsulting.pl_.jpg\" \/>\n\t<meta property=\"og:image:width\" content=\"1920\" \/>\n\t<meta property=\"og:image:height\" content=\"1075\" \/>\n\t<meta property=\"og:image:type\" content=\"image\/jpeg\" \/>\n<meta name=\"author\" content=\"Rafa\u0142 Pasterczyk RP CONSULTING\" \/>\n<meta name=\"twitter:card\" content=\"summary_large_image\" \/>\n<meta name=\"twitter:creator\" content=\"@rafalpasterczyk\" \/>\n<meta name=\"twitter:site\" content=\"@rp_consulting\" \/>\n<meta name=\"twitter:label1\" content=\"Napisane przez\" \/>\n\t<meta name=\"twitter:data1\" content=\"Rafa\u0142 Pasterczyk RP CONSULTING\" \/>\n\t<meta name=\"twitter:label2\" content=\"Szacowany czas czytania\" \/>\n\t<meta name=\"twitter:data2\" content=\"6 minut\" \/>\n<script type=\"application\/ld+json\" class=\"yoast-schema-graph\">{\"@context\":\"https:\\\/\\\/schema.org\",\"@graph\":[{\"@type\":\"Article\",\"@id\":\"https:\\\/\\\/inteligentny-rozwoj.com.pl\\\/index.php\\\/personalizacja-i-zwrot-grzecznosciowy-w-komunikacji-handlowej-b2b\\\/#article\",\"isPartOf\":{\"@id\":\"https:\\\/\\\/inteligentny-rozwoj.com.pl\\\/index.php\\\/personalizacja-i-zwrot-grzecznosciowy-w-komunikacji-handlowej-b2b\\\/\"},\"author\":{\"name\":\"Rafa\u0142 Pasterczyk RP CONSULTING\",\"@id\":\"https:\\\/\\\/inteligentny-rozwoj.com.pl\\\/#\\\/schema\\\/person\\\/29878a67e460856f699476b98c548656\"},\"headline\":\"Personalizacja poprawna czy mo\u017ce jednak b\u0142\u0119dy w komunikacji handlowej B2B?\",\"datePublished\":\"2024-05-30T00:58:00+00:00\",\"dateModified\":\"2024-06-01T22:29:43+00:00\",\"mainEntityOfPage\":{\"@id\":\"https:\\\/\\\/inteligentny-rozwoj.com.pl\\\/index.php\\\/personalizacja-i-zwrot-grzecznosciowy-w-komunikacji-handlowej-b2b\\\/\"},\"wordCount\":1021,\"publisher\":{\"@id\":\"https:\\\/\\\/inteligentny-rozwoj.com.pl\\\/#organization\"},\"image\":{\"@id\":\"https:\\\/\\\/inteligentny-rozwoj.com.pl\\\/index.php\\\/personalizacja-i-zwrot-grzecznosciowy-w-komunikacji-handlowej-b2b\\\/#primaryimage\"},\"thumbnailUrl\":\"https:\\\/\\\/inteligentny-rozwoj.com.pl\\\/wp-content\\\/uploads\\\/2024\\\/05\\\/personalizacja_wiadomosci_email_RPConsulting.pl_.jpg\",\"articleSection\":[\"Marketing B2B\"],\"inLanguage\":\"pl-PL\"},{\"@type\":\"WebPage\",\"@id\":\"https:\\\/\\\/inteligentny-rozwoj.com.pl\\\/index.php\\\/personalizacja-i-zwrot-grzecznosciowy-w-komunikacji-handlowej-b2b\\\/\",\"url\":\"https:\\\/\\\/inteligentny-rozwoj.com.pl\\\/index.php\\\/personalizacja-i-zwrot-grzecznosciowy-w-komunikacji-handlowej-b2b\\\/\",\"name\":\"Personalizacja poprawna czy b\u0142\u0119dy w komunikacji handlowej B2B?\",\"isPartOf\":{\"@id\":\"https:\\\/\\\/inteligentny-rozwoj.com.pl\\\/#website\"},\"primaryImageOfPage\":{\"@id\":\"https:\\\/\\\/inteligentny-rozwoj.com.pl\\\/index.php\\\/personalizacja-i-zwrot-grzecznosciowy-w-komunikacji-handlowej-b2b\\\/#primaryimage\"},\"image\":{\"@id\":\"https:\\\/\\\/inteligentny-rozwoj.com.pl\\\/index.php\\\/personalizacja-i-zwrot-grzecznosciowy-w-komunikacji-handlowej-b2b\\\/#primaryimage\"},\"thumbnailUrl\":\"https:\\\/\\\/inteligentny-rozwoj.com.pl\\\/wp-content\\\/uploads\\\/2024\\\/05\\\/personalizacja_wiadomosci_email_RPConsulting.pl_.jpg\",\"datePublished\":\"2024-05-30T00:58:00+00:00\",\"dateModified\":\"2024-06-01T22:29:43+00:00\",\"description\":\"Personalizacja w korespondencji e-mail mo\u017ce by\u0107 czasem \u017ar\u00f3d\u0142em problem\u00f3w. Sprawd\u017a, jakie sytuacje zdarzaj\u0105 sie w komunikacji handlowej B2B\",\"breadcrumb\":{\"@id\":\"https:\\\/\\\/inteligentny-rozwoj.com.pl\\\/index.php\\\/personalizacja-i-zwrot-grzecznosciowy-w-komunikacji-handlowej-b2b\\\/#breadcrumb\"},\"inLanguage\":\"pl-PL\",\"potentialAction\":[{\"@type\":\"ReadAction\",\"target\":[\"https:\\\/\\\/inteligentny-rozwoj.com.pl\\\/index.php\\\/personalizacja-i-zwrot-grzecznosciowy-w-komunikacji-handlowej-b2b\\\/\"]}]},{\"@type\":\"ImageObject\",\"inLanguage\":\"pl-PL\",\"@id\":\"https:\\\/\\\/inteligentny-rozwoj.com.pl\\\/index.php\\\/personalizacja-i-zwrot-grzecznosciowy-w-komunikacji-handlowej-b2b\\\/#primaryimage\",\"url\":\"https:\\\/\\\/inteligentny-rozwoj.com.pl\\\/wp-content\\\/uploads\\\/2024\\\/05\\\/personalizacja_wiadomosci_email_RPConsulting.pl_.jpg\",\"contentUrl\":\"https:\\\/\\\/inteligentny-rozwoj.com.pl\\\/wp-content\\\/uploads\\\/2024\\\/05\\\/personalizacja_wiadomosci_email_RPConsulting.pl_.jpg\",\"width\":1920,\"height\":1075,\"caption\":\"Personalizacja wiadomo\u015bci e-mail a komunikacja handlowa w B2B \\\/ RPConsulting.pl\"},{\"@type\":\"BreadcrumbList\",\"@id\":\"https:\\\/\\\/inteligentny-rozwoj.com.pl\\\/index.php\\\/personalizacja-i-zwrot-grzecznosciowy-w-komunikacji-handlowej-b2b\\\/#breadcrumb\",\"itemListElement\":[{\"@type\":\"ListItem\",\"position\":1,\"name\":\"Marketing B2B\",\"item\":\"https:\\\/\\\/inteligentny-rozwoj.com.pl\\\/index.php\\\/category\\\/marketing-b2b-rafal-pasterczyk-rpconsulting\\\/\"},{\"@type\":\"ListItem\",\"position\":2,\"name\":\"Personalizacja poprawna czy mo\u017ce jednak b\u0142\u0119dy w komunikacji handlowej B2B?\"}]},{\"@type\":\"WebSite\",\"@id\":\"https:\\\/\\\/inteligentny-rozwoj.com.pl\\\/#website\",\"url\":\"https:\\\/\\\/inteligentny-rozwoj.com.pl\\\/\",\"name\":\"RP CONSULTING Rafa\u0142 Pasterczyk | marketing B2B, eksport, dotacje UE\",\"description\":\"Tw\u00f3j partner w rozwoju biznesu - skuteczne doradztwo w marketingu B2B, rozwoju eksportu i pozyskiwaniu dotacji\",\"publisher\":{\"@id\":\"https:\\\/\\\/inteligentny-rozwoj.com.pl\\\/#organization\"},\"alternateName\":\"Rafa\u0142 Pasterczyk RP CONSULTING\",\"potentialAction\":[{\"@type\":\"SearchAction\",\"target\":{\"@type\":\"EntryPoint\",\"urlTemplate\":\"https:\\\/\\\/inteligentny-rozwoj.com.pl\\\/?s={search_term_string}\"},\"query-input\":{\"@type\":\"PropertyValueSpecification\",\"valueRequired\":true,\"valueName\":\"search_term_string\"}}],\"inLanguage\":\"pl-PL\"},{\"@type\":\"Organization\",\"@id\":\"https:\\\/\\\/inteligentny-rozwoj.com.pl\\\/#organization\",\"name\":\"RP CONSULTING Rafa\u0142 Pasterczyk\",\"alternateName\":\"Rafa\u0142 Pasterczyk RP CONSULTING\",\"url\":\"https:\\\/\\\/inteligentny-rozwoj.com.pl\\\/\",\"logo\":{\"@type\":\"ImageObject\",\"inLanguage\":\"pl-PL\",\"@id\":\"https:\\\/\\\/inteligentny-rozwoj.com.pl\\\/#\\\/schema\\\/logo\\\/image\\\/\",\"url\":\"https:\\\/\\\/inteligentny-rozwoj.com.pl\\\/wp-content\\\/uploads\\\/2019\\\/01\\\/cropped-rpc_logo_sq-e1546996617786.png\",\"contentUrl\":\"https:\\\/\\\/inteligentny-rozwoj.com.pl\\\/wp-content\\\/uploads\\\/2019\\\/01\\\/cropped-rpc_logo_sq-e1546996617786.png\",\"width\":512,\"height\":512,\"caption\":\"RP CONSULTING Rafa\u0142 Pasterczyk\"},\"image\":{\"@id\":\"https:\\\/\\\/inteligentny-rozwoj.com.pl\\\/#\\\/schema\\\/logo\\\/image\\\/\"},\"sameAs\":[\"https:\\\/\\\/www.facebook.com\\\/RPConsulting\",\"https:\\\/\\\/x.com\\\/rp_consulting\",\"https:\\\/\\\/www.instagram.com\\\/rpconsulting.pl\\\/\",\"https:\\\/\\\/pl.linkedin.com\\\/company\\\/rp-consulting-rpc\",\"https:\\\/\\\/www.linkedin.com\\\/in\\\/rafal-pasterczyk\\\/\"]},{\"@type\":\"Person\",\"@id\":\"https:\\\/\\\/inteligentny-rozwoj.com.pl\\\/#\\\/schema\\\/person\\\/29878a67e460856f699476b98c548656\",\"name\":\"Rafa\u0142 Pasterczyk RP CONSULTING\",\"image\":{\"@type\":\"ImageObject\",\"inLanguage\":\"pl-PL\",\"@id\":\"https:\\\/\\\/secure.gravatar.com\\\/avatar\\\/76ef057934b4fe9ea64143fcb5f01852758ad62507ad62fcc17d81518e0fba27?s=96&d=mm&r=g\",\"url\":\"https:\\\/\\\/secure.gravatar.com\\\/avatar\\\/76ef057934b4fe9ea64143fcb5f01852758ad62507ad62fcc17d81518e0fba27?s=96&d=mm&r=g\",\"contentUrl\":\"https:\\\/\\\/secure.gravatar.com\\\/avatar\\\/76ef057934b4fe9ea64143fcb5f01852758ad62507ad62fcc17d81518e0fba27?s=96&d=mm&r=g\",\"caption\":\"Rafa\u0142 Pasterczyk RP CONSULTING\"},\"description\":\"B2B Marketing Manager &amp; Business Consultant. Konsultant marketingu B2B i interim marketing manager, specjalista w zakresie rozwoju eksportu i pozyskiwania dotacji z UE - \u0142\u0105czy tematyk\u0119 rozwoju biznesu z jego finansowaniem z Funduszy Europejskich, pomaga firmom budowa\u0107 skuteczne strategie marketingowe oraz rozwija\u0107 sprzeda\u017c krajow\u0105 i eksportow\u0105. Z sukcesem zrealizowa\u0142 ponad 100 projekt\u00f3w doradczych w powy\u017cszych obszarach rozwoju biznesu.\",\"sameAs\":[\"https:\\\/\\\/inteligentny-rozwoj.com.pl\\\/index.php\\\/doradca-biznesowy-konsultant-biznesowy\\\/\",\"https:\\\/\\\/www.facebook.com\\\/RPConsulting\\\/\",\"https:\\\/\\\/www.instagram.com\\\/rpconsulting.pl\\\/\",\"https:\\\/\\\/www.linkedin.com\\\/in\\\/rafal-pasterczyk\\\/\",\"https:\\\/\\\/x.com\\\/rafalpasterczyk\",\"https:\\\/\\\/www.youtube.com\\\/@RPCONSULTING-b2b\"],\"url\":\"https:\\\/\\\/inteligentny-rozwoj.com.pl\\\/index.php\\\/author\\\/rafal\\\/\"}]}<\/script>\n<!-- \/ Yoast SEO plugin. -->","yoast_head_json":{"title":"Personalizacja poprawna czy b\u0142\u0119dy w komunikacji handlowej B2B?","description":"Personalizacja w korespondencji e-mail mo\u017ce by\u0107 czasem \u017ar\u00f3d\u0142em problem\u00f3w. Sprawd\u017a, jakie sytuacje zdarzaj\u0105 sie w komunikacji handlowej B2B","robots":{"index":"index","follow":"follow","max-snippet":"max-snippet:-1","max-image-preview":"max-image-preview:large","max-video-preview":"max-video-preview:-1"},"canonical":"https:\/\/inteligentny-rozwoj.com.pl\/index.php\/personalizacja-i-zwrot-grzecznosciowy-w-komunikacji-handlowej-b2b\/","og_locale":"pl_PL","og_type":"article","og_title":"Personalizacja poprawna czy b\u0142\u0119dy w komunikacji handlowej B2B?","og_description":"Personalizacja w korespondencji e-mail mo\u017ce by\u0107 czasem \u017ar\u00f3d\u0142em problem\u00f3w. Sprawd\u017a, jakie sytuacje zdarzaj\u0105 sie w komunikacji handlowej B2B","og_url":"https:\/\/inteligentny-rozwoj.com.pl\/index.php\/personalizacja-i-zwrot-grzecznosciowy-w-komunikacji-handlowej-b2b\/","og_site_name":"RP CONSULTING Rafa\u0142 Pasterczyk | marketing B2B, eksport, dotacje UE","article_publisher":"https:\/\/www.facebook.com\/RPConsulting","article_author":"https:\/\/www.facebook.com\/RPConsulting\/","article_published_time":"2024-05-30T00:58:00+00:00","article_modified_time":"2024-06-01T22:29:43+00:00","og_image":[{"width":1920,"height":1075,"url":"https:\/\/inteligentny-rozwoj.com.pl\/wp-content\/uploads\/2024\/05\/personalizacja_wiadomosci_email_RPConsulting.pl_.jpg","type":"image\/jpeg"}],"author":"Rafa\u0142 Pasterczyk RP CONSULTING","twitter_card":"summary_large_image","twitter_creator":"@rafalpasterczyk","twitter_site":"@rp_consulting","twitter_misc":{"Napisane przez":"Rafa\u0142 Pasterczyk RP CONSULTING","Szacowany czas czytania":"6 minut"},"schema":{"@context":"https:\/\/schema.org","@graph":[{"@type":"Article","@id":"https:\/\/inteligentny-rozwoj.com.pl\/index.php\/personalizacja-i-zwrot-grzecznosciowy-w-komunikacji-handlowej-b2b\/#article","isPartOf":{"@id":"https:\/\/inteligentny-rozwoj.com.pl\/index.php\/personalizacja-i-zwrot-grzecznosciowy-w-komunikacji-handlowej-b2b\/"},"author":{"name":"Rafa\u0142 Pasterczyk RP CONSULTING","@id":"https:\/\/inteligentny-rozwoj.com.pl\/#\/schema\/person\/29878a67e460856f699476b98c548656"},"headline":"Personalizacja poprawna czy mo\u017ce jednak b\u0142\u0119dy w komunikacji handlowej B2B?","datePublished":"2024-05-30T00:58:00+00:00","dateModified":"2024-06-01T22:29:43+00:00","mainEntityOfPage":{"@id":"https:\/\/inteligentny-rozwoj.com.pl\/index.php\/personalizacja-i-zwrot-grzecznosciowy-w-komunikacji-handlowej-b2b\/"},"wordCount":1021,"publisher":{"@id":"https:\/\/inteligentny-rozwoj.com.pl\/#organization"},"image":{"@id":"https:\/\/inteligentny-rozwoj.com.pl\/index.php\/personalizacja-i-zwrot-grzecznosciowy-w-komunikacji-handlowej-b2b\/#primaryimage"},"thumbnailUrl":"https:\/\/inteligentny-rozwoj.com.pl\/wp-content\/uploads\/2024\/05\/personalizacja_wiadomosci_email_RPConsulting.pl_.jpg","articleSection":["Marketing B2B"],"inLanguage":"pl-PL"},{"@type":"WebPage","@id":"https:\/\/inteligentny-rozwoj.com.pl\/index.php\/personalizacja-i-zwrot-grzecznosciowy-w-komunikacji-handlowej-b2b\/","url":"https:\/\/inteligentny-rozwoj.com.pl\/index.php\/personalizacja-i-zwrot-grzecznosciowy-w-komunikacji-handlowej-b2b\/","name":"Personalizacja poprawna czy b\u0142\u0119dy w komunikacji handlowej B2B?","isPartOf":{"@id":"https:\/\/inteligentny-rozwoj.com.pl\/#website"},"primaryImageOfPage":{"@id":"https:\/\/inteligentny-rozwoj.com.pl\/index.php\/personalizacja-i-zwrot-grzecznosciowy-w-komunikacji-handlowej-b2b\/#primaryimage"},"image":{"@id":"https:\/\/inteligentny-rozwoj.com.pl\/index.php\/personalizacja-i-zwrot-grzecznosciowy-w-komunikacji-handlowej-b2b\/#primaryimage"},"thumbnailUrl":"https:\/\/inteligentny-rozwoj.com.pl\/wp-content\/uploads\/2024\/05\/personalizacja_wiadomosci_email_RPConsulting.pl_.jpg","datePublished":"2024-05-30T00:58:00+00:00","dateModified":"2024-06-01T22:29:43+00:00","description":"Personalizacja w korespondencji e-mail mo\u017ce by\u0107 czasem \u017ar\u00f3d\u0142em problem\u00f3w. Sprawd\u017a, jakie sytuacje zdarzaj\u0105 sie w komunikacji handlowej B2B","breadcrumb":{"@id":"https:\/\/inteligentny-rozwoj.com.pl\/index.php\/personalizacja-i-zwrot-grzecznosciowy-w-komunikacji-handlowej-b2b\/#breadcrumb"},"inLanguage":"pl-PL","potentialAction":[{"@type":"ReadAction","target":["https:\/\/inteligentny-rozwoj.com.pl\/index.php\/personalizacja-i-zwrot-grzecznosciowy-w-komunikacji-handlowej-b2b\/"]}]},{"@type":"ImageObject","inLanguage":"pl-PL","@id":"https:\/\/inteligentny-rozwoj.com.pl\/index.php\/personalizacja-i-zwrot-grzecznosciowy-w-komunikacji-handlowej-b2b\/#primaryimage","url":"https:\/\/inteligentny-rozwoj.com.pl\/wp-content\/uploads\/2024\/05\/personalizacja_wiadomosci_email_RPConsulting.pl_.jpg","contentUrl":"https:\/\/inteligentny-rozwoj.com.pl\/wp-content\/uploads\/2024\/05\/personalizacja_wiadomosci_email_RPConsulting.pl_.jpg","width":1920,"height":1075,"caption":"Personalizacja wiadomo\u015bci e-mail a komunikacja handlowa w B2B \/ RPConsulting.pl"},{"@type":"BreadcrumbList","@id":"https:\/\/inteligentny-rozwoj.com.pl\/index.php\/personalizacja-i-zwrot-grzecznosciowy-w-komunikacji-handlowej-b2b\/#breadcrumb","itemListElement":[{"@type":"ListItem","position":1,"name":"Marketing B2B","item":"https:\/\/inteligentny-rozwoj.com.pl\/index.php\/category\/marketing-b2b-rafal-pasterczyk-rpconsulting\/"},{"@type":"ListItem","position":2,"name":"Personalizacja poprawna czy mo\u017ce jednak b\u0142\u0119dy w komunikacji handlowej B2B?"}]},{"@type":"WebSite","@id":"https:\/\/inteligentny-rozwoj.com.pl\/#website","url":"https:\/\/inteligentny-rozwoj.com.pl\/","name":"RP CONSULTING Rafa\u0142 Pasterczyk | marketing B2B, eksport, dotacje UE","description":"Tw\u00f3j partner w rozwoju biznesu - skuteczne doradztwo w marketingu B2B, rozwoju eksportu i pozyskiwaniu dotacji","publisher":{"@id":"https:\/\/inteligentny-rozwoj.com.pl\/#organization"},"alternateName":"Rafa\u0142 Pasterczyk RP CONSULTING","potentialAction":[{"@type":"SearchAction","target":{"@type":"EntryPoint","urlTemplate":"https:\/\/inteligentny-rozwoj.com.pl\/?s={search_term_string}"},"query-input":{"@type":"PropertyValueSpecification","valueRequired":true,"valueName":"search_term_string"}}],"inLanguage":"pl-PL"},{"@type":"Organization","@id":"https:\/\/inteligentny-rozwoj.com.pl\/#organization","name":"RP CONSULTING Rafa\u0142 Pasterczyk","alternateName":"Rafa\u0142 Pasterczyk RP CONSULTING","url":"https:\/\/inteligentny-rozwoj.com.pl\/","logo":{"@type":"ImageObject","inLanguage":"pl-PL","@id":"https:\/\/inteligentny-rozwoj.com.pl\/#\/schema\/logo\/image\/","url":"https:\/\/inteligentny-rozwoj.com.pl\/wp-content\/uploads\/2019\/01\/cropped-rpc_logo_sq-e1546996617786.png","contentUrl":"https:\/\/inteligentny-rozwoj.com.pl\/wp-content\/uploads\/2019\/01\/cropped-rpc_logo_sq-e1546996617786.png","width":512,"height":512,"caption":"RP CONSULTING Rafa\u0142 Pasterczyk"},"image":{"@id":"https:\/\/inteligentny-rozwoj.com.pl\/#\/schema\/logo\/image\/"},"sameAs":["https:\/\/www.facebook.com\/RPConsulting","https:\/\/x.com\/rp_consulting","https:\/\/www.instagram.com\/rpconsulting.pl\/","https:\/\/pl.linkedin.com\/company\/rp-consulting-rpc","https:\/\/www.linkedin.com\/in\/rafal-pasterczyk\/"]},{"@type":"Person","@id":"https:\/\/inteligentny-rozwoj.com.pl\/#\/schema\/person\/29878a67e460856f699476b98c548656","name":"Rafa\u0142 Pasterczyk RP CONSULTING","image":{"@type":"ImageObject","inLanguage":"pl-PL","@id":"https:\/\/secure.gravatar.com\/avatar\/76ef057934b4fe9ea64143fcb5f01852758ad62507ad62fcc17d81518e0fba27?s=96&d=mm&r=g","url":"https:\/\/secure.gravatar.com\/avatar\/76ef057934b4fe9ea64143fcb5f01852758ad62507ad62fcc17d81518e0fba27?s=96&d=mm&r=g","contentUrl":"https:\/\/secure.gravatar.com\/avatar\/76ef057934b4fe9ea64143fcb5f01852758ad62507ad62fcc17d81518e0fba27?s=96&d=mm&r=g","caption":"Rafa\u0142 Pasterczyk RP CONSULTING"},"description":"B2B Marketing Manager &amp; Business Consultant. Konsultant marketingu B2B i interim marketing manager, specjalista w zakresie rozwoju eksportu i pozyskiwania dotacji z UE - \u0142\u0105czy tematyk\u0119 rozwoju biznesu z jego finansowaniem z Funduszy Europejskich, pomaga firmom budowa\u0107 skuteczne strategie marketingowe oraz rozwija\u0107 sprzeda\u017c krajow\u0105 i eksportow\u0105. Z sukcesem zrealizowa\u0142 ponad 100 projekt\u00f3w doradczych w powy\u017cszych obszarach rozwoju biznesu.","sameAs":["https:\/\/inteligentny-rozwoj.com.pl\/index.php\/doradca-biznesowy-konsultant-biznesowy\/","https:\/\/www.facebook.com\/RPConsulting\/","https:\/\/www.instagram.com\/rpconsulting.pl\/","https:\/\/www.linkedin.com\/in\/rafal-pasterczyk\/","https:\/\/x.com\/rafalpasterczyk","https:\/\/www.youtube.com\/@RPCONSULTING-b2b"],"url":"https:\/\/inteligentny-rozwoj.com.pl\/index.php\/author\/rafal\/"}]}},"uagb_featured_image_src":{"full":["https:\/\/inteligentny-rozwoj.com.pl\/wp-content\/uploads\/2024\/05\/personalizacja_wiadomosci_email_RPConsulting.pl_.jpg",1920,1075,false],"thumbnail":["https:\/\/inteligentny-rozwoj.com.pl\/wp-content\/uploads\/2024\/05\/personalizacja_wiadomosci_email_RPConsulting.pl_-100x100.jpg",100,100,true],"medium":["https:\/\/inteligentny-rozwoj.com.pl\/wp-content\/uploads\/2024\/05\/personalizacja_wiadomosci_email_RPConsulting.pl_-300x168.jpg",300,168,true],"medium_large":["https:\/\/inteligentny-rozwoj.com.pl\/wp-content\/uploads\/2024\/05\/personalizacja_wiadomosci_email_RPConsulting.pl_-768x430.jpg",768,430,true],"large":["https:\/\/inteligentny-rozwoj.com.pl\/wp-content\/uploads\/2024\/05\/personalizacja_wiadomosci_email_RPConsulting.pl_-1024x573.jpg",1024,573,true],"1536x1536":["https:\/\/inteligentny-rozwoj.com.pl\/wp-content\/uploads\/2024\/05\/personalizacja_wiadomosci_email_RPConsulting.pl_-1536x860.jpg",1536,860,true],"2048x2048":["https:\/\/inteligentny-rozwoj.com.pl\/wp-content\/uploads\/2024\/05\/personalizacja_wiadomosci_email_RPConsulting.pl_.jpg",1920,1075,false],"post-thumbnail":["https:\/\/inteligentny-rozwoj.com.pl\/wp-content\/uploads\/2024\/05\/personalizacja_wiadomosci_email_RPConsulting.pl_-536x300.jpg",536,300,true],"sow-carousel-default":["https:\/\/inteligentny-rozwoj.com.pl\/wp-content\/uploads\/2024\/05\/personalizacja_wiadomosci_email_RPConsulting.pl_-272x182.jpg",272,182,true],"sow-blog-portfolio":["https:\/\/inteligentny-rozwoj.com.pl\/wp-content\/uploads\/2024\/05\/personalizacja_wiadomosci_email_RPConsulting.pl_-375x375.jpg",375,375,true],"sow-blog-grid":["https:\/\/inteligentny-rozwoj.com.pl\/wp-content\/uploads\/2024\/05\/personalizacja_wiadomosci_email_RPConsulting.pl_-720x480.jpg",720,480,true],"sow-blog-alternate":["https:\/\/inteligentny-rozwoj.com.pl\/wp-content\/uploads\/2024\/05\/personalizacja_wiadomosci_email_RPConsulting.pl_-950x630.jpg",950,630,true]},"uagb_author_info":{"display_name":"Rafa\u0142 Pasterczyk RP CONSULTING","author_link":"https:\/\/inteligentny-rozwoj.com.pl\/index.php\/author\/rafal\/"},"uagb_comment_info":0,"uagb_excerpt":"Narz&#281;dzia do automatyzacji marketingu miewaj&#261; problem z personalizacj&#261; tre&#347;ci w wiadomo&#347;ciach e-mail. Przeczytaj i sprawd&#378;, czy opisana sytuacja powinna mie&#263; miejsce w komunikacji handlowej B2B.","_links":{"self":[{"href":"https:\/\/inteligentny-rozwoj.com.pl\/index.php\/wp-json\/wp\/v2\/posts\/8480","targetHints":{"allow":["GET"]}}],"collection":[{"href":"https:\/\/inteligentny-rozwoj.com.pl\/index.php\/wp-json\/wp\/v2\/posts"}],"about":[{"href":"https:\/\/inteligentny-rozwoj.com.pl\/index.php\/wp-json\/wp\/v2\/types\/post"}],"author":[{"embeddable":true,"href":"https:\/\/inteligentny-rozwoj.com.pl\/index.php\/wp-json\/wp\/v2\/users\/2"}],"replies":[{"embeddable":true,"href":"https:\/\/inteligentny-rozwoj.com.pl\/index.php\/wp-json\/wp\/v2\/comments?post=8480"}],"version-history":[{"count":7,"href":"https:\/\/inteligentny-rozwoj.com.pl\/index.php\/wp-json\/wp\/v2\/posts\/8480\/revisions"}],"predecessor-version":[{"id":8489,"href":"https:\/\/inteligentny-rozwoj.com.pl\/index.php\/wp-json\/wp\/v2\/posts\/8480\/revisions\/8489"}],"wp:featuredmedia":[{"embeddable":true,"href":"https:\/\/inteligentny-rozwoj.com.pl\/index.php\/wp-json\/wp\/v2\/media\/8488"}],"wp:attachment":[{"href":"https:\/\/inteligentny-rozwoj.com.pl\/index.php\/wp-json\/wp\/v2\/media?parent=8480"}],"wp:term":[{"taxonomy":"category","embeddable":true,"href":"https:\/\/inteligentny-rozwoj.com.pl\/index.php\/wp-json\/wp\/v2\/categories?post=8480"},{"taxonomy":"post_tag","embeddable":true,"href":"https:\/\/inteligentny-rozwoj.com.pl\/index.php\/wp-json\/wp\/v2\/tags?post=8480"}],"curies":[{"name":"wp","href":"https:\/\/api.w.org\/{rel}","templated":true}]}}