{"id":8970,"date":"2025-08-19T01:43:15","date_gmt":"2025-08-18T23:43:15","guid":{"rendered":"https:\/\/inteligentny-rozwoj.com.pl\/?p=8970"},"modified":"2026-02-01T18:21:56","modified_gmt":"2026-02-01T17:21:56","slug":"marka-osobista-reputacja-personal-branding","status":"publish","type":"post","link":"https:\/\/inteligentny-rozwoj.com.pl\/index.php\/marka-osobista-reputacja-personal-branding\/","title":{"rendered":"Marka osobista, reputacja i personal branding \u2013 czym si\u0119 r\u00f3\u017cni\u0105 i jak je \u015bwiadomie rozwija\u0107?"},"content":{"rendered":"\n<p class=\"wp-block-paragraph\"><strong>Marka osobista<\/strong> m\u00f3wi o tym, kim jeste\u015b, jak si\u0119 prezentujesz i na ile jeste\u015b rozpoznawalny przez okre\u015blon\u0105 grup\u0119. <strong>Reputacja<\/strong> odnosi si\u0119 do tego, co inni o Tobie s\u0105dz\u0105 i m\u00f3wi\u0105. <strong>Personal branding<\/strong> to natomiast proces \u015bwiadomego budowania, kszta\u0142towania i zarz\u0105dzania swoj\u0105 mark\u0105 osobist\u0105.<\/p>\n\n\n\n<p class=\"wp-block-paragraph\">W niniejszym artykule <a href=\"https:\/\/inteligentny-rozwoj.com.pl\/\">RP CONSULTING<\/a> Rafa\u0142 Pasterczyk szerzej rozwija te poj\u0119cia i r\u00f3\u017cnice pomi\u0119dzy nimi.<\/p>\n\n\n\n<p class=\"wp-block-paragraph\">W \u015bwiecie biznesu i kariery zawodowej cz\u0119sto s\u0142yszymy o potrzebie \u201ebudowania marki osobistej\u201d czy \u201ezarz\u0105dzania reputacj\u0105\u201d. Jednocze\u015bnie coraz cz\u0119\u015bciej pojawia si\u0119 te\u017c poj\u0119cie personal branding, kt\u00f3re bywa mylone z sam\u0105 mark\u0105 osobist\u0105. Cho\u0107 wszystkie te elementy s\u0105 ze sob\u0105 powi\u0105zane, to ka\u017cdy z nich oznacza co\u015b innego. Zrozumienie tych r\u00f3\u017cnic to klucz do skutecznego kszta\u0142towania w\u0142asnego wizerunku i osi\u0105gania d\u0142ugofalowych cel\u00f3w zawodowych.<\/p>\n\n\n\n<p class=\"has-medium-font-size wp-block-paragraph\"><strong>Czego dowiesz si\u0119 z artyku\u0142u?<\/strong><\/p>\n\n\n\n<nav aria-label=\"Spis tre\u015bci\" class=\"wp-block-table-of-contents has-background\" style=\"background-color:#abb7c238\"><ol><li><a class=\"wp-block-table-of-contents__entry\" href=\"https:\/\/inteligentny-rozwoj.com.pl\/index.php\/marka-osobista-reputacja-personal-branding\/#czym-wlasciwie-jest-marka-osobista\">Czym w\u0142a\u015bciwie jest marka osobista?<\/a><ol><li><a class=\"wp-block-table-of-contents__entry\" href=\"https:\/\/inteligentny-rozwoj.com.pl\/index.php\/marka-osobista-reputacja-personal-branding\/#jak-rozwijac-marke-osobista\">Jak rozwija\u0107 mark\u0119 osobist\u0105?<\/a><\/li><\/ol><\/li><li><a class=\"wp-block-table-of-contents__entry\" href=\"https:\/\/inteligentny-rozwoj.com.pl\/index.php\/marka-osobista-reputacja-personal-branding\/#czym-rozni-sie-reputacja-od-marki-osobistej\">Czym r\u00f3\u017cni si\u0119 reputacja od marki osobistej?<\/a><ol><li><a class=\"wp-block-table-of-contents__entry\" href=\"https:\/\/inteligentny-rozwoj.com.pl\/index.php\/marka-osobista-reputacja-personal-branding\/#dlaczego-reputacja-jest-wazna\">Dlaczego reputacja jest wa\u017cna?<\/a><\/li><li><a class=\"wp-block-table-of-contents__entry\" href=\"https:\/\/inteligentny-rozwoj.com.pl\/index.php\/marka-osobista-reputacja-personal-branding\/#jak-pracowac-nad-reputacja\">Jak pracowa\u0107 nad reputacj\u0105?<\/a><\/li><\/ol><\/li><li><a class=\"wp-block-table-of-contents__entry\" href=\"https:\/\/inteligentny-rozwoj.com.pl\/index.php\/marka-osobista-reputacja-personal-branding\/#czym-jest-personal-branding-i-jak-odroznic-go-od-marki-osobistej\">Czym jest personal branding i jak odr\u00f3\u017cni\u0107 go od marki osobistej?<\/a><ol><li><a class=\"wp-block-table-of-contents__entry\" href=\"https:\/\/inteligentny-rozwoj.com.pl\/index.php\/marka-osobista-reputacja-personal-branding\/#na-czym-polega-personal-branding-w-praktyce\">Na czym polega personal branding w praktyce?<\/a><\/li><\/ol><\/li><li><a class=\"wp-block-table-of-contents__entry\" href=\"https:\/\/inteligentny-rozwoj.com.pl\/index.php\/marka-osobista-reputacja-personal-branding\/#marka-osobista-reputacja-i-personal-branding-najwazniejsze-informacje-w-ujeciu-tabelarycznym\">Marka osobista, reputacja i personal branding &#8211; najwa\u017cniejsze informacje w uj\u0119ciu tabelarycznym<\/a><\/li><li><a class=\"wp-block-table-of-contents__entry\" href=\"https:\/\/inteligentny-rozwoj.com.pl\/index.php\/marka-osobista-reputacja-personal-branding\/#czy-mozna-miec-silna-marke-osobista-bez-reputacji\">Czy mo\u017cna mie\u0107 siln\u0105 mark\u0119 osobist\u0105 bez reputacji?<\/a><\/li><li><a class=\"wp-block-table-of-contents__entry\" href=\"https:\/\/inteligentny-rozwoj.com.pl\/index.php\/marka-osobista-reputacja-personal-branding\/#jakie-bledy-najczesciej-pojawiaja-sie-w-budowaniu-marki-reputacji-i-personal-brandingu\">Jakie b\u0142\u0119dy najcz\u0119\u015bciej pojawiaj\u0105 si\u0119 w budowaniu marki, reputacji i personal brandingu?<\/a><\/li><li><a class=\"wp-block-table-of-contents__entry\" href=\"https:\/\/inteligentny-rozwoj.com.pl\/index.php\/marka-osobista-reputacja-personal-branding\/#podsumowanie\">Podsumowanie<\/a><\/li><\/ol><\/nav>\n\n\n\n<h2 class=\"wp-block-heading\" id=\"czym-wlasciwie-jest-marka-osobista\"><strong>Czym w\u0142a\u015bciwie jest marka osobista?<\/strong><\/h2>\n\n\n\n<p class=\"wp-block-paragraph\">Marka osobista to <strong>unikalne po\u0142\u0105czenie Twoich kompetencji, warto\u015bci, cech charakteru i stylu dzia\u0142ania<\/strong>, kt\u00f3re sprawia, \u017ce jeste\u015b rozpoznawalny w okre\u015blonym kontek\u015bcie. Nie jest to tylko Tw\u00f3j zaw\u00f3d ani stanowisko \u2013 to raczej <strong>to\u017csamo\u015b\u0107 zawodowa<\/strong>, kt\u00f3ra buduje Twoj\u0105 rozpoznawalno\u015b\u0107 i odr\u00f3\u017cnia Ci\u0119 od innych specjalist\u00f3w.<\/p>\n\n\n\n<p class=\"wp-block-paragraph\">To spos\u00f3b, w jaki \u015bwiadomie kreujesz i prezentujesz siebie, swoje warto\u015bci, kompetencje i unikalny styl.<\/p>\n\n\n\n<p class=\"wp-block-paragraph\">Jest jak \u201eopakowanie\u201d Twojej osoby \u2013 to, co pokazujesz \u015bwiatu w CV, social mediach, wyst\u0105pieniach czy dzia\u0142alno\u015bci zawodowej.<\/p>\n\n\n\n<p class=\"wp-block-paragraph\">Przyk\u0142ad: Ekspert ds. <a href=\"https:\/\/pl.wikipedia.org\/wiki\/Handel_elektroniczny\" target=\"_blank\" rel=\"noopener\">e-commerce<\/a>, kt\u00f3ry konsekwentnie dzieli si\u0119 wiedz\u0105 i buduje obraz specjalisty w tej bran\u017cy oraz jest rozpoznawalny przez osoby zainteresowane rynkiem e-commerce.<\/p>\n\n\n\n<p class=\"wp-block-paragraph\">Marka osobista odpowiada na pytania:<\/p>\n\n\n\n<ul class=\"wp-block-list\">\n<li>Z czym chc\u0119 by\u0107 kojarzony?<br><\/li>\n\n\n\n<li>W czym jestem najlepszy lub unikalny?<br><\/li>\n\n\n\n<li>Jak\u0105 warto\u015b\u0107 dostarczam innym?<\/li>\n<\/ul>\n\n\n\n<p class=\"wp-block-paragraph\">Budowanie marki osobistej nie zawsze jest w pe\u0142ni \u015bwiadome \u2013 nawet je\u015bli nie pracujesz nad ni\u0105 strategicznie, inni i tak tworz\u0105 sobie obraz tego, kim jeste\u015b. Dlatego kluczowe jest, by t\u0119 narracj\u0119 kszta\u0142towa\u0107 samodzielnie.<\/p>\n\n\n\n<h3 class=\"wp-block-heading\" id=\"jak-rozwijac-marke-osobista\">Jak rozwija\u0107 mark\u0119 osobist\u0105?<\/h3>\n\n\n\n<ul class=\"wp-block-list\">\n<li>jasno okre\u015bli\u0107 swoj\u0105 specjalizacj\u0119 i obszar, w kt\u00f3rym chcesz by\u0107 ekspertem,<br><\/li>\n\n\n\n<li>dzia\u0142a\u0107 sp\u00f3jnie z wyznawanymi warto\u015bciami,<br><\/li>\n\n\n\n<li>komunikowa\u0107 si\u0119 w spos\u00f3b, kt\u00f3ry podkre\u015bla Twoj\u0105 unikalno\u015b\u0107.<\/li>\n<\/ul>\n\n\n\n<h2 class=\"wp-block-heading\" id=\"czym-rozni-sie-reputacja-od-marki-osobistej\"><strong>Czym r\u00f3\u017cni si\u0119 reputacja od marki osobistej?<\/strong><\/h2>\n\n\n\n<p class=\"wp-block-paragraph\">Marka osobista to w du\u017cej mierze <strong>to, jak chcesz by\u0107 postrzegany<\/strong>. Natomiast <strong>reputacja to to, jak naprawd\u0119 jeste\u015b postrzegany<\/strong> \u2013 na podstawie Twoich dzia\u0142a\u0144, decyzji i tego, co o Tobie m\u00f3wi\u0105 inni.<\/p>\n\n\n\n<p class=\"wp-block-paragraph\">To opinia innych ludzi o Tobie, czyli efekt tego, co robisz i w jaki spos\u00f3b to robisz.<\/p>\n\n\n\n<p class=\"wp-block-paragraph\">Nie kontrolujesz jej w pe\u0142ni \u2013 reputacja to rezultat Twoich dzia\u0142a\u0144, decyzji i tego, jak s\u0105 one odbierane przez otoczenie.<\/p>\n\n\n\n<p class=\"wp-block-paragraph\">Przyk\u0142ad: Je\u015bli jeste\u015b ekspertem ds. e-commerce, kt\u00f3ry ma ugruntowan\u0105 wiedz\u0119 i ch\u0119tnie dzieli si\u0119 nowinkami rynkowymi oraz popiera je praktycznymi przyk\u0142adami, a przy tym jeste\u015b pomocny i przestrzegasz uzgodnionych termin\u00f3w, Twoja reputacja to \u201eosoba z do\u015bwiadczeniem w bran\u017cy, rzetelna i godna zaufania\u201d.<\/p>\n\n\n\n<p class=\"wp-block-paragraph\">Mo\u017cesz kreowa\u0107 wizerunek eksperta, ale je\u015bli Twoje zachowania temu przecz\u0105, reputacja szybko zweryfikuje Twoje starania. Reputacja jest bardziej \u201eoddolna\u201d \u2013 powstaje w \u015bwiadomo\u015bci innych i jest trudniejsza do kontrolowania.<\/p>\n\n\n\n<h3 class=\"wp-block-heading\" id=\"dlaczego-reputacja-jest-wazna\">Dlaczego reputacja jest wa\u017cna?<\/h3>\n\n\n\n<ul class=\"wp-block-list\">\n<li>dzia\u0142a jak \u201ewaluta zaufania\u201d \u2013 otwiera lub zamyka drzwi do nowych projekt\u00f3w,<br><\/li>\n\n\n\n<li>ro\u015bnie przez lata, a mo\u017cna j\u0105 straci\u0107 w ci\u0105gu jednego z\u0142ego dzia\u0142ania,<br><\/li>\n\n\n\n<li>wp\u0142ywa na wiarygodno\u015b\u0107 marki osobistej \u2013 sp\u00f3jno\u015b\u0107 mi\u0119dzy tym, co m\u00f3wisz, a tym, jak dzia\u0142asz, jest kluczowa.<br><\/li>\n<\/ul>\n\n\n\n<h3 class=\"wp-block-heading\" id=\"jak-pracowac-nad-reputacja\">Jak pracowa\u0107 nad reputacj\u0105?<\/h3>\n\n\n\n<ul class=\"wp-block-list\">\n<li>dotrzymywa\u0107 obietnic, nawet je\u015bli jest to trudne,<br><\/li>\n\n\n\n<li>by\u0107 transparentnym i uczciwym w komunikacji,<br><\/li>\n\n\n\n<li>traktowa\u0107 relacje biznesowe d\u0142ugofalowo, a nie tylko transakcyjnie,<br><\/li>\n\n\n\n<li>umie\u0107 przyzna\u0107 si\u0119 do b\u0142\u0119du i naprawi\u0107 go.<\/li>\n<\/ul>\n\n\n\n<h2 class=\"wp-block-heading\" id=\"czym-jest-personal-branding-i-jak-odroznic-go-od-marki-osobistej\"><strong>Czym jest personal branding i jak odr\u00f3\u017cni\u0107 go od marki osobistej?<\/strong><\/h2>\n\n\n\n<p class=\"wp-block-paragraph\">Personal branding to <strong>\u015bwiadomy i strategiczny proces budowania marki osobistej<\/strong>. Marka osobista istnieje niezale\u017cnie od tego, czy co\u015b z ni\u0105 robisz, natomiast <strong>personal branding to zestaw dzia\u0142a\u0144, kt\u00f3re maj\u0105 t\u0119 mark\u0119 wzmocni\u0107 i zakomunikowa\u0107 \u015bwiatu<\/strong>.<\/p>\n\n\n\n<p class=\"wp-block-paragraph\">To proces, kt\u00f3ry uwzgl\u0119dnia szereg zaplanowanych dzia\u0142a\u0144, maj\u0105cych na celu sukcesywne budowanie rozpoznawalno\u015bci i zarz\u0105dzanie mark\u0105 osobist\u0105. Obejmuje \u015bwiadome dzia\u0142ania: strategi\u0119 komunikacji, wyb\u00f3r kana\u0142\u00f3w, sp\u00f3jny przekaz, storytelling czy networking.<\/p>\n\n\n\n<p class=\"wp-block-paragraph\">Przyk\u0142ad: Ekspert ds. e-commerce planuje i publikuje cykliczne tre\u015bci na LinkedIn, bierze udzia\u0142 w konferencjach, webinarach czy podcastach i wideo castach oraz publikuje artyku\u0142y eksperckie w mediach bran\u017cowych. To wszystko stanowi element sp\u00f3jnej strategii, maj\u0105cej na celu budowanie marki osobistej.<\/p>\n\n\n\n<h3 class=\"wp-block-heading\" id=\"na-czym-polega-personal-branding-w-praktyce\">Na czym polega personal branding w praktyce?<\/h3>\n\n\n\n<ul class=\"wp-block-list\">\n<li>tworzeniu strategii obecno\u015bci w mediach spo\u0142eczno\u015bciowych,<br><\/li>\n\n\n\n<li>\u015bwiadomym udziale w debatach bran\u017cowych (wywiady, podcasty, artyku\u0142y, wydarzenia),<br><\/li>\n\n\n\n<li>budowaniu widoczno\u015bci poprzez content marketing (np. publikacje eksperckie, case studies),<br><\/li>\n\n\n\n<li>wyst\u0105pieniach publicznych, prowadzeniu szkole\u0144 czy konferencji,<br><\/li>\n\n\n\n<li>rozwijaniu sieci kontakt\u00f3w i budowaniu pozycji eksperta w bran\u017cy.<\/li>\n<\/ul>\n\n\n\n<h2 class=\"wp-block-heading\" id=\"marka-osobista-reputacja-i-personal-branding-najwazniejsze-informacje-w-ujeciu-tabelarycznym\">Marka osobista, reputacja i personal branding &#8211; najwa\u017cniejsze informacje w uj\u0119ciu tabelarycznym<\/h2>\n\n\n\n<figure class=\"wp-block-table\"><table class=\"has-fixed-layout\"><tbody><tr><td><strong>Poj\u0119cie<\/strong><\/td><td><strong>Kr\u00f3tka definicja<\/strong><\/td><td><strong>Na czym polega<\/strong><\/td><td><strong>Kto ma kontrol\u0119?<\/strong><\/td><td><strong>Przyk\u0142ad<\/strong><\/td><\/tr><tr><td>Marka osobista<\/td><td>To obraz siebie, kt\u00f3ry pokazujesz \u015bwiatu \u2013 Twoje warto\u015bci, kompetencje i unikalny styl<\/td><td>Kreowanie w\u0142asnego wizerunku<\/td><td>Ty (przede wszystkim)<\/td><td>Ekspert ds. e-commerce dziel\u0105cy si\u0119 swoj\u0105 wiedz\u0105<\/td><\/tr><tr><td>Reputacja<\/td><td>Opinia i ocena innych na Tw\u00f3j temat<\/td><td>Stanowi efekt dzia\u0142a\u0144 i praktycznych zachowa\u0144<\/td><td>G\u0142\u00f3wnie inni ludzie<\/td><td>\u201eTa osoba jest rzetelna i zawsze dotrzymuje termin\u00f3w\u201d<\/td><\/tr><tr><td>Personal branding<\/td><td>Proces budowania i zarz\u0105dzania mark\u0105 osobist\u0105<\/td><td>Strategia komunikacji, networking, storytelling, obecno\u015b\u0107 w mediach bran\u017cowych<\/td><td>Ty (poprzez zaplanowane i \u015bwiadome dzia\u0142ania)<\/td><td>Planowanie tre\u015bci oraz ich publikowanie w r\u00f3\u017cnych kana\u0142ach\/mediach (np. LinkedIn, media bran\u017cowe), udzia\u0142 w wydarzeniach (np. konferencje, webinary, podcasty, wideo casty)<\/td><\/tr><\/tbody><\/table><\/figure>\n\n\n\n<p class=\"wp-block-paragraph\">\u0179r\u00f3d\u0142o: RP CONSULTING <a href=\"https:\/\/inteligentny-rozwoj.com.pl\/index.php\/fundusze-europejskie-2014-2020\/firmy-doradcze\/rp-consulting\/\">Rafa\u0142 Pasterczyk<\/a> &#8211; opracowanie w\u0142asne<\/p>\n\n\n\n<p class=\"wp-block-paragraph\"><strong>Je\u015bli por\u00f3wna\u0107 to do biznesu?<\/strong> Marka osobista to \u201eprodukt\u201d, reputacja to \u201eopinia klient\u00f3w o produkcie\u201d, a personal branding to \u201emarketing i PR tego produktu\u201d.<\/p>\n\n\n\n<h2 class=\"wp-block-heading\" id=\"czy-mozna-miec-silna-marke-osobista-bez-reputacji\"><strong>Czy mo\u017cna mie\u0107 siln\u0105 mark\u0119 osobist\u0105 bez reputacji?<\/strong><\/h2>\n\n\n\n<p class=\"wp-block-paragraph\">Teoretycznie mo\u017cna stworzy\u0107 rozpoznawaln\u0105 mark\u0119 osobist\u0105, ale bez reputacji b\u0119dzie to kr\u00f3tkotrwa\u0142e. W praktyce reputacja stanowi fundament \u2013 bez niej nawet najlepsza strategia personal brandingu nie przyniesie efektu.<\/p>\n\n\n\n<p class=\"wp-block-paragraph\">Silna marka osobista bez reputacji przypomina budynek bez solidnych fundament\u00f3w \u2013 mo\u017ce na chwil\u0119 przyci\u0105ga\u0107 uwag\u0119, ale nie przetrwa pr\u00f3by czasu. Dlatego najwa\u017cniejsze jest zachowanie sp\u00f3jno\u015bci: to, <strong>co komunikujesz<\/strong> powinno by\u0107 zgodne z tym, <strong>jak dzia\u0142asz<\/strong>.<\/p>\n\n\n\n<h2 class=\"wp-block-heading\" id=\"jakie-bledy-najczesciej-pojawiaja-sie-w-budowaniu-marki-reputacji-i-personal-brandingu\"><strong>Jakie b\u0142\u0119dy najcz\u0119\u015bciej pojawiaj\u0105 si\u0119 w budowaniu marki, reputacji i personal brandingu?<\/strong><\/h2>\n\n\n\n<ul class=\"wp-block-list\">\n<li><strong>Niesp\u00f3jno\u015b\u0107<\/strong> \u2013 m\u00f3wisz jedno, robisz drugie.<br><\/li>\n\n\n\n<li><strong>Nadmierna autopromocja<\/strong> \u2013 koncentrujesz si\u0119 na chwaleniu si\u0119 osi\u0105gni\u0119ciami zamiast na realnym dostarczaniu warto\u015bci.<br><\/li>\n\n\n\n<li><strong>Ignorowanie reputacji<\/strong> \u2013 skupienie si\u0119 tylko na komunikacji, bez refleksji, jak dzia\u0142ania s\u0105 odbierane.<br><\/li>\n\n\n\n<li><strong>Brak cierpliwo\u015bci<\/strong> \u2013 oczekiwanie szybkich efekt\u00f3w, podczas gdy budowanie marki i reputacji wymaga cz\u0119sto wielu lat pracy.<br><\/li>\n\n\n\n<li><strong>Brak autentyczno\u015bci<\/strong> \u2013 pr\u00f3ba kopiowania cudzych styl\u00f3w czy warto\u015bci, co szybko wychodzi na jaw.<\/li>\n<\/ul>\n\n\n\n<h2 class=\"wp-block-heading\" id=\"podsumowanie\"><strong>Podsumowanie<\/strong><\/h2>\n\n\n\n<ul class=\"wp-block-list\">\n<li><strong>Marka osobista<\/strong> to Twoja zawodowa to\u017csamo\u015b\u0107 i unikalna warto\u015b\u0107, jak\u0105 wnosisz.<br><\/li>\n\n\n\n<li><strong>Reputacja<\/strong> to opinia innych o Tobie \u2013 konsekwencja dzia\u0142a\u0144, a nie tylko s\u0142\u00f3w.<br><\/li>\n\n\n\n<li><strong>Personal branding<\/strong> to proces \u015bwiadomego zarz\u0105dzania mark\u0105 osobist\u0105, jej kreowaniem i komunikacj\u0105.<\/li>\n<\/ul>\n\n\n\n<p class=\"wp-block-paragraph\">Najwi\u0119ksz\u0105 si\u0142\u0119 daje synergia: <strong>sp\u00f3jna marka osobista, wsparta pozytywn\u0105 reputacj\u0105 i rozwijana poprzez konsekwentny personal branding<\/strong>. To po\u0142\u0105czenie sprawia, \u017ce stajesz si\u0119 nie tylko rozpoznawalny, ale te\u017c wiarygodny i d\u0142ugofalowo atrakcyjny jako ekspert, partner biznesowy czy lider.<\/p>\n\n\n<div\n\t\t\t\n\t\t\tclass=\"so-widget-sow-cta so-widget-sow-cta-default-a23258021f70\"\n\t\t\t\n\t\t><div\n\tclass=\"sow-cta-base\"\n\t>\n\t\n\t<div class=\"sow-cta-wrapper\">\n\n\t\t<div class=\"sow-cta-text\">\n\t\t\t\t\t\t\t<h4 class=\"sow-cta-title\">\n\t\t\t\t\tCzy chcia\u0142by\u015b zbudowa\u0107 rozpoznawalno\u015b\u0107 Twojej marki osobistej? A mo\u017ce zastanawiasz si\u0119, w jaki spos\u00f3b budowa\u0107 rozpoznawalno\u015b\u0107 marki Twojej firmy? \t\t\t\t<\/h4>\n\t\t\t\n\t\t\t\t\t\t\t<h4 class=\"sow-cta-subtitle\">\n\t\t\t\t\t&#x1f449; Je\u015bli chcia\u0142by\u015b dowiedzie\u0107 si\u0119 wi\u0119cej o tym, jak planowa\u0107 i realizowa\u0107 skuteczne dzia\u0142ania w marketingu B2B\t\t\t\t<\/h4>\n\t\t\t\t\t<\/div>\n\n\t\t<div\n\t\t\t\n\t\t\tclass=\"so-widget-sow-button so-widget-sow-button-flat-b559edb0e6ec\"\n\t\t\t\n\t\t><div class=\"ow-button-base ow-button-align-center\"\n>\n\t\t\t<a href=\"https:\/\/inteligentny-rozwoj.com.pl\/index.php\/kontakt\/\" class=\"sowb-button ow-icon-placement-left ow-button-hover\" target=\"_blank\" rel=\"noopener noreferrer\">\n\t\t<span>\n\t\t\t\n\t\t\tUm\u00f3w konsultacj\u0119 \t\t<\/span>\n\t\t\t<\/a>\n\t<\/div>\n<\/div>\t\t\t\t<style type=\"text\/css\">.so-widget-sow-cta-default-a23258021f70 .sow-cta-base {\n  padding: 2em 2.5em;\n  border: 1px solid #e3e3e3;\n  background-color: #f8f8f8;\n}\n.so-widget-sow-cta-default-a23258021f70 .sow-cta-base .sow-cta-text {\n  float: left;\n}\n.so-widget-sow-cta-default-a23258021f70 .sow-cta-base .so-widget-sow-button {\n  float: right;\n  margin-left: 1em;\n}\n@media (max-width: 780px) {\n  .so-widget-sow-cta-default-a23258021f70 .sow-cta-base .sow-cta-wrapper .so-widget-sow-button {\n    margin-right: 0;\n    margin-left: 0;\n  }\n}\n.so-widget-sow-cta-default-a23258021f70 .sow-cta-base .sow-cta-wrapper::after {\n  clear: both;\n  content: \"\";\n  display: table;\n}<\/style>\n\t\t\t\t\t\t\t\t<style type=\"text\/css\">.so-widget-sow-button-flat-b559edb0e6ec .ow-button-base {\n  zoom: 1;\n}\n.so-widget-sow-button-flat-b559edb0e6ec .ow-button-base:before {\n  content: '';\n  display: block;\n}\n.so-widget-sow-button-flat-b559edb0e6ec .ow-button-base:after {\n  content: '';\n  display: table;\n  clear: both;\n}\n@media (max-width: 780px) {\n  .so-widget-sow-button-flat-b559edb0e6ec .ow-button-base.ow-button-align-center {\n    text-align: center;\n  }\n  .so-widget-sow-button-flat-b559edb0e6ec .ow-button-base.ow-button-align-center.ow-button-align-justify .sowb-button {\n    display: inline-block;\n  }\n}\n.so-widget-sow-button-flat-b559edb0e6ec .ow-button-base .sowb-button {\n  -ms-box-sizing: border-box;\n  -moz-box-sizing: border-box;\n  -webkit-box-sizing: border-box;\n  box-sizing: border-box;\n  font-family: Roboto;\n  font-weight: 500;\n  -webkit-border-radius: 0.25em 0.25em 0.25em 0.25em;\n  -moz-border-radius: 0.25em 0.25em 0.25em 0.25em;\n  border-radius: 0.25em 0.25em 0.25em 0.25em;\n  background: #1e73be;\n  border-width: 1px 0;\n  border: 1px solid #1e73be;\n  color: #ffffff !important;\n  font-size: 1em;\n  \n  padding: 1em;\n  text-shadow: 0 1px 0 rgba(0, 0, 0, 0.05);\n  padding-inline: 2em;\n}\n.so-widget-sow-button-flat-b559edb0e6ec .ow-button-base .sowb-button.ow-button-hover:active,\n.so-widget-sow-button-flat-b559edb0e6ec .ow-button-base .sowb-button.ow-button-hover:hover {\n  background: #217ed0;\n  border-color: #217ed0;\n  color: #ffffff !important;\n}<\/style>\n\t\t\t\t\n\t<\/div>\n\n\t<\/div>\n<\/div>","protected":false},"excerpt":{"rendered":"<p>Dowiedz si\u0119, czym charakteryzuj\u0105 si\u0119 marka osobista, reputacja i personal branding. Sprawd\u017a, jakie s\u0105 mi\u0119dzy nimi r\u00f3\u017cnice<\/p>\n","protected":false},"author":2,"featured_media":8975,"comment_status":"closed","ping_status":"closed","sticky":false,"template":"","format":"standard","meta":{"_crdt_document":"","content-type":"","_uag_custom_page_level_css":"","footnotes":""},"categories":[77],"tags":[152,174,173,151],"class_list":["post-8970","post","type-post","status-publish","format-standard","has-post-thumbnail","hentry","category-marketing-b2b-rafal-pasterczyk-rpconsulting","tag-b2b-marketing","tag-marka","tag-marketing","tag-marketing-b2b"],"yoast_head":"<!-- This site is optimized with the Yoast SEO plugin v27.3 - https:\/\/yoast.com\/product\/yoast-seo-wordpress\/ -->\n<title>Marka osobista, reputacja i personal branding \u2013 czym si\u0119 r\u00f3\u017cni\u0105? | RP CONSULTING Rafa\u0142 Pasterczyk | marketing B2B, eksport, dotacje UE<\/title>\n<meta name=\"description\" content=\"Marka osobista, reputacja i personal branding to poj\u0119cia na poz\u00f3r podobne, jednak r\u00f3\u017cni\u0105 si\u0119 od siebie. Przeczytaj i dowiedz si\u0119, czym s\u0105\" \/>\n<meta name=\"robots\" content=\"index, follow, max-snippet:-1, max-image-preview:large, max-video-preview:-1\" \/>\n<link rel=\"canonical\" href=\"https:\/\/inteligentny-rozwoj.com.pl\/index.php\/marka-osobista-reputacja-personal-branding\/\" \/>\n<meta property=\"og:locale\" content=\"pl_PL\" \/>\n<meta property=\"og:type\" content=\"article\" \/>\n<meta property=\"og:title\" content=\"Marka osobista, reputacja i personal branding \u2013 czym si\u0119 r\u00f3\u017cni\u0105? | RP CONSULTING Rafa\u0142 Pasterczyk | marketing B2B, eksport, dotacje UE\" \/>\n<meta property=\"og:description\" content=\"Marka osobista, reputacja i personal branding to poj\u0119cia na poz\u00f3r podobne, jednak r\u00f3\u017cni\u0105 si\u0119 od siebie. Przeczytaj i dowiedz si\u0119, czym s\u0105\" \/>\n<meta property=\"og:url\" content=\"https:\/\/inteligentny-rozwoj.com.pl\/index.php\/marka-osobista-reputacja-personal-branding\/\" \/>\n<meta property=\"og:site_name\" content=\"RP CONSULTING Rafa\u0142 Pasterczyk | marketing B2B, eksport, dotacje UE\" \/>\n<meta property=\"article:publisher\" content=\"https:\/\/www.facebook.com\/RPConsulting\" \/>\n<meta property=\"article:author\" content=\"https:\/\/www.facebook.com\/RPConsulting\/\" \/>\n<meta property=\"article:published_time\" content=\"2025-08-18T23:43:15+00:00\" \/>\n<meta property=\"article:modified_time\" content=\"2026-02-01T17:21:56+00:00\" \/>\n<meta property=\"og:image\" content=\"https:\/\/inteligentny-rozwoj.com.pl\/wp-content\/uploads\/2025\/08\/Marka-osobista-reputacja-personal-branding_RPConsulting.pl_.png\" \/>\n\t<meta property=\"og:image:width\" content=\"1280\" \/>\n\t<meta property=\"og:image:height\" content=\"720\" \/>\n\t<meta property=\"og:image:type\" content=\"image\/png\" \/>\n<meta name=\"author\" content=\"Rafa\u0142 Pasterczyk RP CONSULTING\" \/>\n<meta name=\"twitter:card\" content=\"summary_large_image\" \/>\n<meta name=\"twitter:creator\" content=\"@rafalpasterczyk\" \/>\n<meta name=\"twitter:site\" content=\"@rp_consulting\" \/>\n<meta name=\"twitter:label1\" content=\"Napisane przez\" \/>\n\t<meta name=\"twitter:data1\" content=\"Rafa\u0142 Pasterczyk RP CONSULTING\" \/>\n\t<meta name=\"twitter:label2\" content=\"Szacowany czas czytania\" \/>\n\t<meta name=\"twitter:data2\" content=\"7 minut\" \/>\n<script type=\"application\/ld+json\" class=\"yoast-schema-graph\">{\"@context\":\"https:\\\/\\\/schema.org\",\"@graph\":[{\"@type\":\"Article\",\"@id\":\"https:\\\/\\\/inteligentny-rozwoj.com.pl\\\/index.php\\\/marka-osobista-reputacja-personal-branding\\\/#article\",\"isPartOf\":{\"@id\":\"https:\\\/\\\/inteligentny-rozwoj.com.pl\\\/index.php\\\/marka-osobista-reputacja-personal-branding\\\/\"},\"author\":{\"name\":\"Rafa\u0142 Pasterczyk RP CONSULTING\",\"@id\":\"https:\\\/\\\/inteligentny-rozwoj.com.pl\\\/#\\\/schema\\\/person\\\/29878a67e460856f699476b98c548656\"},\"headline\":\"Marka osobista, reputacja i personal branding \u2013 czym si\u0119 r\u00f3\u017cni\u0105 i jak je \u015bwiadomie rozwija\u0107?\",\"datePublished\":\"2025-08-18T23:43:15+00:00\",\"dateModified\":\"2026-02-01T17:21:56+00:00\",\"mainEntityOfPage\":{\"@id\":\"https:\\\/\\\/inteligentny-rozwoj.com.pl\\\/index.php\\\/marka-osobista-reputacja-personal-branding\\\/\"},\"wordCount\":1340,\"publisher\":{\"@id\":\"https:\\\/\\\/inteligentny-rozwoj.com.pl\\\/#organization\"},\"image\":{\"@id\":\"https:\\\/\\\/inteligentny-rozwoj.com.pl\\\/index.php\\\/marka-osobista-reputacja-personal-branding\\\/#primaryimage\"},\"thumbnailUrl\":\"https:\\\/\\\/inteligentny-rozwoj.com.pl\\\/wp-content\\\/uploads\\\/2025\\\/08\\\/Marka-osobista-reputacja-personal-branding_RPConsulting.pl_.png\",\"keywords\":[\"b2b marketing\",\"marka\",\"marketing\",\"marketing b2b\"],\"articleSection\":[\"Marketing B2B\"],\"inLanguage\":\"pl-PL\"},{\"@type\":\"WebPage\",\"@id\":\"https:\\\/\\\/inteligentny-rozwoj.com.pl\\\/index.php\\\/marka-osobista-reputacja-personal-branding\\\/\",\"url\":\"https:\\\/\\\/inteligentny-rozwoj.com.pl\\\/index.php\\\/marka-osobista-reputacja-personal-branding\\\/\",\"name\":\"Marka osobista, reputacja i personal branding \u2013 czym si\u0119 r\u00f3\u017cni\u0105? | RP CONSULTING Rafa\u0142 Pasterczyk | marketing B2B, eksport, dotacje UE\",\"isPartOf\":{\"@id\":\"https:\\\/\\\/inteligentny-rozwoj.com.pl\\\/#website\"},\"primaryImageOfPage\":{\"@id\":\"https:\\\/\\\/inteligentny-rozwoj.com.pl\\\/index.php\\\/marka-osobista-reputacja-personal-branding\\\/#primaryimage\"},\"image\":{\"@id\":\"https:\\\/\\\/inteligentny-rozwoj.com.pl\\\/index.php\\\/marka-osobista-reputacja-personal-branding\\\/#primaryimage\"},\"thumbnailUrl\":\"https:\\\/\\\/inteligentny-rozwoj.com.pl\\\/wp-content\\\/uploads\\\/2025\\\/08\\\/Marka-osobista-reputacja-personal-branding_RPConsulting.pl_.png\",\"datePublished\":\"2025-08-18T23:43:15+00:00\",\"dateModified\":\"2026-02-01T17:21:56+00:00\",\"description\":\"Marka osobista, reputacja i personal branding to poj\u0119cia na poz\u00f3r podobne, jednak r\u00f3\u017cni\u0105 si\u0119 od siebie. Przeczytaj i dowiedz si\u0119, czym s\u0105\",\"breadcrumb\":{\"@id\":\"https:\\\/\\\/inteligentny-rozwoj.com.pl\\\/index.php\\\/marka-osobista-reputacja-personal-branding\\\/#breadcrumb\"},\"inLanguage\":\"pl-PL\",\"potentialAction\":[{\"@type\":\"ReadAction\",\"target\":[\"https:\\\/\\\/inteligentny-rozwoj.com.pl\\\/index.php\\\/marka-osobista-reputacja-personal-branding\\\/\"]}]},{\"@type\":\"ImageObject\",\"inLanguage\":\"pl-PL\",\"@id\":\"https:\\\/\\\/inteligentny-rozwoj.com.pl\\\/index.php\\\/marka-osobista-reputacja-personal-branding\\\/#primaryimage\",\"url\":\"https:\\\/\\\/inteligentny-rozwoj.com.pl\\\/wp-content\\\/uploads\\\/2025\\\/08\\\/Marka-osobista-reputacja-personal-branding_RPConsulting.pl_.png\",\"contentUrl\":\"https:\\\/\\\/inteligentny-rozwoj.com.pl\\\/wp-content\\\/uploads\\\/2025\\\/08\\\/Marka-osobista-reputacja-personal-branding_RPConsulting.pl_.png\",\"width\":1280,\"height\":720,\"caption\":\"Marka osobista, reputacja, personal branding\"},{\"@type\":\"BreadcrumbList\",\"@id\":\"https:\\\/\\\/inteligentny-rozwoj.com.pl\\\/index.php\\\/marka-osobista-reputacja-personal-branding\\\/#breadcrumb\",\"itemListElement\":[{\"@type\":\"ListItem\",\"position\":1,\"name\":\"Marketing B2B\",\"item\":\"https:\\\/\\\/inteligentny-rozwoj.com.pl\\\/index.php\\\/category\\\/marketing-b2b-rafal-pasterczyk-rpconsulting\\\/\"},{\"@type\":\"ListItem\",\"position\":2,\"name\":\"Marka osobista, reputacja i personal branding \u2013 czym si\u0119 r\u00f3\u017cni\u0105 i jak je \u015bwiadomie rozwija\u0107?\"}]},{\"@type\":\"WebSite\",\"@id\":\"https:\\\/\\\/inteligentny-rozwoj.com.pl\\\/#website\",\"url\":\"https:\\\/\\\/inteligentny-rozwoj.com.pl\\\/\",\"name\":\"RP CONSULTING Rafa\u0142 Pasterczyk | marketing B2B, eksport, dotacje UE\",\"description\":\"Tw\u00f3j partner w rozwoju biznesu - skuteczne doradztwo w marketingu B2B, rozwoju eksportu i pozyskiwaniu dotacji\",\"publisher\":{\"@id\":\"https:\\\/\\\/inteligentny-rozwoj.com.pl\\\/#organization\"},\"alternateName\":\"Rafa\u0142 Pasterczyk RP CONSULTING\",\"potentialAction\":[{\"@type\":\"SearchAction\",\"target\":{\"@type\":\"EntryPoint\",\"urlTemplate\":\"https:\\\/\\\/inteligentny-rozwoj.com.pl\\\/?s={search_term_string}\"},\"query-input\":{\"@type\":\"PropertyValueSpecification\",\"valueRequired\":true,\"valueName\":\"search_term_string\"}}],\"inLanguage\":\"pl-PL\"},{\"@type\":\"Organization\",\"@id\":\"https:\\\/\\\/inteligentny-rozwoj.com.pl\\\/#organization\",\"name\":\"RP CONSULTING Rafa\u0142 Pasterczyk\",\"alternateName\":\"Rafa\u0142 Pasterczyk RP CONSULTING\",\"url\":\"https:\\\/\\\/inteligentny-rozwoj.com.pl\\\/\",\"logo\":{\"@type\":\"ImageObject\",\"inLanguage\":\"pl-PL\",\"@id\":\"https:\\\/\\\/inteligentny-rozwoj.com.pl\\\/#\\\/schema\\\/logo\\\/image\\\/\",\"url\":\"https:\\\/\\\/inteligentny-rozwoj.com.pl\\\/wp-content\\\/uploads\\\/2019\\\/01\\\/cropped-rpc_logo_sq-e1546996617786.png\",\"contentUrl\":\"https:\\\/\\\/inteligentny-rozwoj.com.pl\\\/wp-content\\\/uploads\\\/2019\\\/01\\\/cropped-rpc_logo_sq-e1546996617786.png\",\"width\":512,\"height\":512,\"caption\":\"RP CONSULTING Rafa\u0142 Pasterczyk\"},\"image\":{\"@id\":\"https:\\\/\\\/inteligentny-rozwoj.com.pl\\\/#\\\/schema\\\/logo\\\/image\\\/\"},\"sameAs\":[\"https:\\\/\\\/www.facebook.com\\\/RPConsulting\",\"https:\\\/\\\/x.com\\\/rp_consulting\",\"https:\\\/\\\/www.instagram.com\\\/rpconsulting.pl\\\/\",\"https:\\\/\\\/pl.linkedin.com\\\/company\\\/rp-consulting-rpc\",\"https:\\\/\\\/www.linkedin.com\\\/in\\\/rafal-pasterczyk\\\/\"]},{\"@type\":\"Person\",\"@id\":\"https:\\\/\\\/inteligentny-rozwoj.com.pl\\\/#\\\/schema\\\/person\\\/29878a67e460856f699476b98c548656\",\"name\":\"Rafa\u0142 Pasterczyk RP CONSULTING\",\"image\":{\"@type\":\"ImageObject\",\"inLanguage\":\"pl-PL\",\"@id\":\"https:\\\/\\\/secure.gravatar.com\\\/avatar\\\/76ef057934b4fe9ea64143fcb5f01852758ad62507ad62fcc17d81518e0fba27?s=96&d=mm&r=g\",\"url\":\"https:\\\/\\\/secure.gravatar.com\\\/avatar\\\/76ef057934b4fe9ea64143fcb5f01852758ad62507ad62fcc17d81518e0fba27?s=96&d=mm&r=g\",\"contentUrl\":\"https:\\\/\\\/secure.gravatar.com\\\/avatar\\\/76ef057934b4fe9ea64143fcb5f01852758ad62507ad62fcc17d81518e0fba27?s=96&d=mm&r=g\",\"caption\":\"Rafa\u0142 Pasterczyk RP CONSULTING\"},\"description\":\"B2B Marketing Manager &amp; Business Consultant. Konsultant marketingu B2B i interim marketing manager, specjalista w zakresie rozwoju eksportu i pozyskiwania dotacji z UE - \u0142\u0105czy tematyk\u0119 rozwoju biznesu z jego finansowaniem z Funduszy Europejskich, pomaga firmom budowa\u0107 skuteczne strategie marketingowe oraz rozwija\u0107 sprzeda\u017c krajow\u0105 i eksportow\u0105. Z sukcesem zrealizowa\u0142 ponad 100 projekt\u00f3w doradczych w powy\u017cszych obszarach rozwoju biznesu.\",\"sameAs\":[\"https:\\\/\\\/inteligentny-rozwoj.com.pl\\\/index.php\\\/doradca-biznesowy-konsultant-biznesowy\\\/\",\"https:\\\/\\\/www.facebook.com\\\/RPConsulting\\\/\",\"https:\\\/\\\/www.instagram.com\\\/rpconsulting.pl\\\/\",\"https:\\\/\\\/www.linkedin.com\\\/in\\\/rafal-pasterczyk\\\/\",\"https:\\\/\\\/x.com\\\/rafalpasterczyk\",\"https:\\\/\\\/www.youtube.com\\\/@RPCONSULTING-b2b\"],\"url\":\"https:\\\/\\\/inteligentny-rozwoj.com.pl\\\/index.php\\\/author\\\/rafal\\\/\"}]}<\/script>\n<!-- \/ Yoast SEO plugin. -->","yoast_head_json":{"title":"Marka osobista, reputacja i personal branding \u2013 czym si\u0119 r\u00f3\u017cni\u0105? | RP CONSULTING Rafa\u0142 Pasterczyk | marketing B2B, eksport, dotacje UE","description":"Marka osobista, reputacja i personal branding to poj\u0119cia na poz\u00f3r podobne, jednak r\u00f3\u017cni\u0105 si\u0119 od siebie. Przeczytaj i dowiedz si\u0119, czym s\u0105","robots":{"index":"index","follow":"follow","max-snippet":"max-snippet:-1","max-image-preview":"max-image-preview:large","max-video-preview":"max-video-preview:-1"},"canonical":"https:\/\/inteligentny-rozwoj.com.pl\/index.php\/marka-osobista-reputacja-personal-branding\/","og_locale":"pl_PL","og_type":"article","og_title":"Marka osobista, reputacja i personal branding \u2013 czym si\u0119 r\u00f3\u017cni\u0105? | RP CONSULTING Rafa\u0142 Pasterczyk | marketing B2B, eksport, dotacje UE","og_description":"Marka osobista, reputacja i personal branding to poj\u0119cia na poz\u00f3r podobne, jednak r\u00f3\u017cni\u0105 si\u0119 od siebie. Przeczytaj i dowiedz si\u0119, czym s\u0105","og_url":"https:\/\/inteligentny-rozwoj.com.pl\/index.php\/marka-osobista-reputacja-personal-branding\/","og_site_name":"RP CONSULTING Rafa\u0142 Pasterczyk | marketing B2B, eksport, dotacje UE","article_publisher":"https:\/\/www.facebook.com\/RPConsulting","article_author":"https:\/\/www.facebook.com\/RPConsulting\/","article_published_time":"2025-08-18T23:43:15+00:00","article_modified_time":"2026-02-01T17:21:56+00:00","og_image":[{"width":1280,"height":720,"url":"https:\/\/inteligentny-rozwoj.com.pl\/wp-content\/uploads\/2025\/08\/Marka-osobista-reputacja-personal-branding_RPConsulting.pl_.png","type":"image\/png"}],"author":"Rafa\u0142 Pasterczyk RP CONSULTING","twitter_card":"summary_large_image","twitter_creator":"@rafalpasterczyk","twitter_site":"@rp_consulting","twitter_misc":{"Napisane przez":"Rafa\u0142 Pasterczyk RP CONSULTING","Szacowany czas czytania":"7 minut"},"schema":{"@context":"https:\/\/schema.org","@graph":[{"@type":"Article","@id":"https:\/\/inteligentny-rozwoj.com.pl\/index.php\/marka-osobista-reputacja-personal-branding\/#article","isPartOf":{"@id":"https:\/\/inteligentny-rozwoj.com.pl\/index.php\/marka-osobista-reputacja-personal-branding\/"},"author":{"name":"Rafa\u0142 Pasterczyk RP CONSULTING","@id":"https:\/\/inteligentny-rozwoj.com.pl\/#\/schema\/person\/29878a67e460856f699476b98c548656"},"headline":"Marka osobista, reputacja i personal branding \u2013 czym si\u0119 r\u00f3\u017cni\u0105 i jak je \u015bwiadomie rozwija\u0107?","datePublished":"2025-08-18T23:43:15+00:00","dateModified":"2026-02-01T17:21:56+00:00","mainEntityOfPage":{"@id":"https:\/\/inteligentny-rozwoj.com.pl\/index.php\/marka-osobista-reputacja-personal-branding\/"},"wordCount":1340,"publisher":{"@id":"https:\/\/inteligentny-rozwoj.com.pl\/#organization"},"image":{"@id":"https:\/\/inteligentny-rozwoj.com.pl\/index.php\/marka-osobista-reputacja-personal-branding\/#primaryimage"},"thumbnailUrl":"https:\/\/inteligentny-rozwoj.com.pl\/wp-content\/uploads\/2025\/08\/Marka-osobista-reputacja-personal-branding_RPConsulting.pl_.png","keywords":["b2b marketing","marka","marketing","marketing b2b"],"articleSection":["Marketing B2B"],"inLanguage":"pl-PL"},{"@type":"WebPage","@id":"https:\/\/inteligentny-rozwoj.com.pl\/index.php\/marka-osobista-reputacja-personal-branding\/","url":"https:\/\/inteligentny-rozwoj.com.pl\/index.php\/marka-osobista-reputacja-personal-branding\/","name":"Marka osobista, reputacja i personal branding \u2013 czym si\u0119 r\u00f3\u017cni\u0105? | RP CONSULTING Rafa\u0142 Pasterczyk | marketing B2B, eksport, dotacje UE","isPartOf":{"@id":"https:\/\/inteligentny-rozwoj.com.pl\/#website"},"primaryImageOfPage":{"@id":"https:\/\/inteligentny-rozwoj.com.pl\/index.php\/marka-osobista-reputacja-personal-branding\/#primaryimage"},"image":{"@id":"https:\/\/inteligentny-rozwoj.com.pl\/index.php\/marka-osobista-reputacja-personal-branding\/#primaryimage"},"thumbnailUrl":"https:\/\/inteligentny-rozwoj.com.pl\/wp-content\/uploads\/2025\/08\/Marka-osobista-reputacja-personal-branding_RPConsulting.pl_.png","datePublished":"2025-08-18T23:43:15+00:00","dateModified":"2026-02-01T17:21:56+00:00","description":"Marka osobista, reputacja i personal branding to poj\u0119cia na poz\u00f3r podobne, jednak r\u00f3\u017cni\u0105 si\u0119 od siebie. Przeczytaj i dowiedz si\u0119, czym s\u0105","breadcrumb":{"@id":"https:\/\/inteligentny-rozwoj.com.pl\/index.php\/marka-osobista-reputacja-personal-branding\/#breadcrumb"},"inLanguage":"pl-PL","potentialAction":[{"@type":"ReadAction","target":["https:\/\/inteligentny-rozwoj.com.pl\/index.php\/marka-osobista-reputacja-personal-branding\/"]}]},{"@type":"ImageObject","inLanguage":"pl-PL","@id":"https:\/\/inteligentny-rozwoj.com.pl\/index.php\/marka-osobista-reputacja-personal-branding\/#primaryimage","url":"https:\/\/inteligentny-rozwoj.com.pl\/wp-content\/uploads\/2025\/08\/Marka-osobista-reputacja-personal-branding_RPConsulting.pl_.png","contentUrl":"https:\/\/inteligentny-rozwoj.com.pl\/wp-content\/uploads\/2025\/08\/Marka-osobista-reputacja-personal-branding_RPConsulting.pl_.png","width":1280,"height":720,"caption":"Marka osobista, reputacja, personal branding"},{"@type":"BreadcrumbList","@id":"https:\/\/inteligentny-rozwoj.com.pl\/index.php\/marka-osobista-reputacja-personal-branding\/#breadcrumb","itemListElement":[{"@type":"ListItem","position":1,"name":"Marketing B2B","item":"https:\/\/inteligentny-rozwoj.com.pl\/index.php\/category\/marketing-b2b-rafal-pasterczyk-rpconsulting\/"},{"@type":"ListItem","position":2,"name":"Marka osobista, reputacja i personal branding \u2013 czym si\u0119 r\u00f3\u017cni\u0105 i jak je \u015bwiadomie rozwija\u0107?"}]},{"@type":"WebSite","@id":"https:\/\/inteligentny-rozwoj.com.pl\/#website","url":"https:\/\/inteligentny-rozwoj.com.pl\/","name":"RP CONSULTING Rafa\u0142 Pasterczyk | marketing B2B, eksport, dotacje UE","description":"Tw\u00f3j partner w rozwoju biznesu - skuteczne doradztwo w marketingu B2B, rozwoju eksportu i pozyskiwaniu dotacji","publisher":{"@id":"https:\/\/inteligentny-rozwoj.com.pl\/#organization"},"alternateName":"Rafa\u0142 Pasterczyk RP CONSULTING","potentialAction":[{"@type":"SearchAction","target":{"@type":"EntryPoint","urlTemplate":"https:\/\/inteligentny-rozwoj.com.pl\/?s={search_term_string}"},"query-input":{"@type":"PropertyValueSpecification","valueRequired":true,"valueName":"search_term_string"}}],"inLanguage":"pl-PL"},{"@type":"Organization","@id":"https:\/\/inteligentny-rozwoj.com.pl\/#organization","name":"RP CONSULTING Rafa\u0142 Pasterczyk","alternateName":"Rafa\u0142 Pasterczyk RP CONSULTING","url":"https:\/\/inteligentny-rozwoj.com.pl\/","logo":{"@type":"ImageObject","inLanguage":"pl-PL","@id":"https:\/\/inteligentny-rozwoj.com.pl\/#\/schema\/logo\/image\/","url":"https:\/\/inteligentny-rozwoj.com.pl\/wp-content\/uploads\/2019\/01\/cropped-rpc_logo_sq-e1546996617786.png","contentUrl":"https:\/\/inteligentny-rozwoj.com.pl\/wp-content\/uploads\/2019\/01\/cropped-rpc_logo_sq-e1546996617786.png","width":512,"height":512,"caption":"RP CONSULTING Rafa\u0142 Pasterczyk"},"image":{"@id":"https:\/\/inteligentny-rozwoj.com.pl\/#\/schema\/logo\/image\/"},"sameAs":["https:\/\/www.facebook.com\/RPConsulting","https:\/\/x.com\/rp_consulting","https:\/\/www.instagram.com\/rpconsulting.pl\/","https:\/\/pl.linkedin.com\/company\/rp-consulting-rpc","https:\/\/www.linkedin.com\/in\/rafal-pasterczyk\/"]},{"@type":"Person","@id":"https:\/\/inteligentny-rozwoj.com.pl\/#\/schema\/person\/29878a67e460856f699476b98c548656","name":"Rafa\u0142 Pasterczyk RP CONSULTING","image":{"@type":"ImageObject","inLanguage":"pl-PL","@id":"https:\/\/secure.gravatar.com\/avatar\/76ef057934b4fe9ea64143fcb5f01852758ad62507ad62fcc17d81518e0fba27?s=96&d=mm&r=g","url":"https:\/\/secure.gravatar.com\/avatar\/76ef057934b4fe9ea64143fcb5f01852758ad62507ad62fcc17d81518e0fba27?s=96&d=mm&r=g","contentUrl":"https:\/\/secure.gravatar.com\/avatar\/76ef057934b4fe9ea64143fcb5f01852758ad62507ad62fcc17d81518e0fba27?s=96&d=mm&r=g","caption":"Rafa\u0142 Pasterczyk RP CONSULTING"},"description":"B2B Marketing Manager &amp; Business Consultant. Konsultant marketingu B2B i interim marketing manager, specjalista w zakresie rozwoju eksportu i pozyskiwania dotacji z UE - \u0142\u0105czy tematyk\u0119 rozwoju biznesu z jego finansowaniem z Funduszy Europejskich, pomaga firmom budowa\u0107 skuteczne strategie marketingowe oraz rozwija\u0107 sprzeda\u017c krajow\u0105 i eksportow\u0105. Z sukcesem zrealizowa\u0142 ponad 100 projekt\u00f3w doradczych w powy\u017cszych obszarach rozwoju biznesu.","sameAs":["https:\/\/inteligentny-rozwoj.com.pl\/index.php\/doradca-biznesowy-konsultant-biznesowy\/","https:\/\/www.facebook.com\/RPConsulting\/","https:\/\/www.instagram.com\/rpconsulting.pl\/","https:\/\/www.linkedin.com\/in\/rafal-pasterczyk\/","https:\/\/x.com\/rafalpasterczyk","https:\/\/www.youtube.com\/@RPCONSULTING-b2b"],"url":"https:\/\/inteligentny-rozwoj.com.pl\/index.php\/author\/rafal\/"}]}},"uagb_featured_image_src":{"full":["https:\/\/inteligentny-rozwoj.com.pl\/wp-content\/uploads\/2025\/08\/Marka-osobista-reputacja-personal-branding_RPConsulting.pl_.png",1280,720,false],"thumbnail":["https:\/\/inteligentny-rozwoj.com.pl\/wp-content\/uploads\/2025\/08\/Marka-osobista-reputacja-personal-branding_RPConsulting.pl_-100x100.png",100,100,true],"medium":["https:\/\/inteligentny-rozwoj.com.pl\/wp-content\/uploads\/2025\/08\/Marka-osobista-reputacja-personal-branding_RPConsulting.pl_-300x169.png",300,169,true],"medium_large":["https:\/\/inteligentny-rozwoj.com.pl\/wp-content\/uploads\/2025\/08\/Marka-osobista-reputacja-personal-branding_RPConsulting.pl_-768x432.png",768,432,true],"large":["https:\/\/inteligentny-rozwoj.com.pl\/wp-content\/uploads\/2025\/08\/Marka-osobista-reputacja-personal-branding_RPConsulting.pl_-1024x576.png",1024,576,true],"1536x1536":["https:\/\/inteligentny-rozwoj.com.pl\/wp-content\/uploads\/2025\/08\/Marka-osobista-reputacja-personal-branding_RPConsulting.pl_.png",1280,720,false],"2048x2048":["https:\/\/inteligentny-rozwoj.com.pl\/wp-content\/uploads\/2025\/08\/Marka-osobista-reputacja-personal-branding_RPConsulting.pl_.png",1280,720,false],"post-thumbnail":["https:\/\/inteligentny-rozwoj.com.pl\/wp-content\/uploads\/2025\/08\/Marka-osobista-reputacja-personal-branding_RPConsulting.pl_-536x302.png",536,302,true],"sow-carousel-default":["https:\/\/inteligentny-rozwoj.com.pl\/wp-content\/uploads\/2025\/08\/Marka-osobista-reputacja-personal-branding_RPConsulting.pl_-272x182.png",272,182,true],"sow-blog-portfolio":["https:\/\/inteligentny-rozwoj.com.pl\/wp-content\/uploads\/2025\/08\/Marka-osobista-reputacja-personal-branding_RPConsulting.pl_-375x375.png",375,375,true],"sow-blog-grid":["https:\/\/inteligentny-rozwoj.com.pl\/wp-content\/uploads\/2025\/08\/Marka-osobista-reputacja-personal-branding_RPConsulting.pl_-720x480.png",720,480,true],"sow-blog-alternate":["https:\/\/inteligentny-rozwoj.com.pl\/wp-content\/uploads\/2025\/08\/Marka-osobista-reputacja-personal-branding_RPConsulting.pl_-950x630.png",950,630,true]},"uagb_author_info":{"display_name":"Rafa\u0142 Pasterczyk RP CONSULTING","author_link":"https:\/\/inteligentny-rozwoj.com.pl\/index.php\/author\/rafal\/"},"uagb_comment_info":0,"uagb_excerpt":"Dowiedz si&#281;, czym charakteryzuj&#261; si&#281; marka osobista, reputacja i personal branding. Sprawd&#378;, jakie s&#261; mi&#281;dzy nimi r&oacute;&#380;nice","_links":{"self":[{"href":"https:\/\/inteligentny-rozwoj.com.pl\/index.php\/wp-json\/wp\/v2\/posts\/8970","targetHints":{"allow":["GET"]}}],"collection":[{"href":"https:\/\/inteligentny-rozwoj.com.pl\/index.php\/wp-json\/wp\/v2\/posts"}],"about":[{"href":"https:\/\/inteligentny-rozwoj.com.pl\/index.php\/wp-json\/wp\/v2\/types\/post"}],"author":[{"embeddable":true,"href":"https:\/\/inteligentny-rozwoj.com.pl\/index.php\/wp-json\/wp\/v2\/users\/2"}],"replies":[{"embeddable":true,"href":"https:\/\/inteligentny-rozwoj.com.pl\/index.php\/wp-json\/wp\/v2\/comments?post=8970"}],"version-history":[{"count":5,"href":"https:\/\/inteligentny-rozwoj.com.pl\/index.php\/wp-json\/wp\/v2\/posts\/8970\/revisions"}],"predecessor-version":[{"id":9075,"href":"https:\/\/inteligentny-rozwoj.com.pl\/index.php\/wp-json\/wp\/v2\/posts\/8970\/revisions\/9075"}],"wp:featuredmedia":[{"embeddable":true,"href":"https:\/\/inteligentny-rozwoj.com.pl\/index.php\/wp-json\/wp\/v2\/media\/8975"}],"wp:attachment":[{"href":"https:\/\/inteligentny-rozwoj.com.pl\/index.php\/wp-json\/wp\/v2\/media?parent=8970"}],"wp:term":[{"taxonomy":"category","embeddable":true,"href":"https:\/\/inteligentny-rozwoj.com.pl\/index.php\/wp-json\/wp\/v2\/categories?post=8970"},{"taxonomy":"post_tag","embeddable":true,"href":"https:\/\/inteligentny-rozwoj.com.pl\/index.php\/wp-json\/wp\/v2\/tags?post=8970"}],"curies":[{"name":"wp","href":"https:\/\/api.w.org\/{rel}","templated":true}]}}